{"id":10035,"date":"2020-07-02T15:07:18","date_gmt":"2020-07-02T15:07:18","guid":{"rendered":"http:\/\/www.andacolloconectado.cl\/?p=10035"},"modified":"2020-07-02T15:07:18","modified_gmt":"2020-07-02T15:07:18","slug":"parroquia-de-andacollo-comunica-nuevas-medidas-para-la-atencion-de-feligreses","status":"publish","type":"post","link":"https:\/\/www.andacolloconectado.cl\/index.php\/parroquia-de-andacollo-comunica-nuevas-medidas-para-la-atencion-de-feligreses\/","title":{"rendered":"Parroquia de Andacollo comunica nuevas medidas para la atenci\u00f3n de feligreses"},"content":{"rendered":"<p>Desde la Parroquia de Nuestra Se\u00f1ora del Rosario de Andacollo han informado una serie de medidas que se est\u00e1n implementando para atender a los feligreses de la mejor manera posible dada las restricciones sanitarias impuestas por la autoridad sanitaria.<\/p>\n<p>El comunicado es el siguiente:<\/p>\n<p>1. Estamos viviendo los tiempos dif\u00edciles y no hace falta hacer m\u00e1s explicaciones al respecto. Esta situaci\u00f3n de la pandemia afecta a todos, absolutamente a todos. A nosotros los tres sacerdotes, igual. Todos tenemos el derecho y la obligaci\u00f3n de cuidarnos personalmente y a cuidar a los dem\u00e1s. Incluso, esta obligaci\u00f3n surge desde el mandamiento del amor que nos pide y ense\u00f1a el mismo Jes\u00fas.<\/p>\n<p>2. Quiero aclarar la situaci\u00f3n de las NUEVAS FORMAS de HACER LOS RESPONSOS. Como parroquia, desde el comienzo de la pandemia en Chile, nos organizamos y procedemos seg\u00fan las NORMAS DEL MINISTERIO DE SALUD (Regi\u00f3n Coquimbo), del DECRETO, del d\u00eda 8 de abril de este a\u00f1o. Este DECRETO NOS OBLIGA, bajo las MULTAS, cumplir todo lo que se nos exige frente a las celebraciones de los responsos y los funerales.<\/p>\n<p>Entendemos, que el momento de la muerte de alguien querido, es un momento muy dif\u00edcil para la familia, a la cual, la toca a vivir. Por eso, buscamos unas formas de recompensar y consolar este dolor con las ceremonias religiosas que se nos pide y, adem\u00e1s corresponden, dado que el tiempo nos limita bruscamente y no es posible hacer todo lo que a veces alguien desea y espera.<\/p>\n<p>Hasta ahora hac\u00edamos los responsos en las calles, entendiendo, que es la mejor forma de compartir el dolor con las familias. Generalmente, no surg\u00edan graves problemas en estos casos. Sin embargo, NO SE CUMPL\u00cdA TODAS LAS NORMAS DE SEGURIDAD, que exige el Decreto de Salud. Para evitar cualquier percance, y sobre todo para CUIDAR NUESTRA SALUD Y VIDA, busc\u00e1bamos otra forma de hacer dichas ceremonias. Y creo que la encontramos. Hacemos las ceremonias del RESPONSO frente a la Iglesia parroquial. Y esto lo empezamos a hacer DESDE EL S\u00c1BADO DE LA SEMANA PASADA.Y as\u00ed lo procederemos en el futuro.<\/p>\n<p>3. Creo, que en este tiempo de pandemia, todos tenemos las necesidades de reforzar nuestra fe y la esperanza. Me imagino, que nos ayuda mucho la santa Misa que transmitimos en las redes sociales y ustedes tienen la posibilidad de participar en ella a trav\u00e9s del Canal Se\u00f1al 6, Radio, Facebook y Streaming del Santuario. Sabemos que no es suficiente. Por ahora, por las razones obvias de cuidar la salud, no podemos abrir nuestros templos. Pero igual estamos buscando las formas de ayudar espiritualmente a la gente que lo necesita. Por eso, a partir de este fin de semana, cumpliendo todas las normas sanitarias, se va a ABRIR, el port\u00f3n de la iglesia parroquial. Todav\u00eda no se podr\u00e1 entrar dentro de la iglesia. As\u00ed tendremos la posibilidad de rezar frente a la sagrada imagen de la Chinita.<\/p>\n<p>4. A partir del d\u00eda 13 de julio SE SUSPENDE el recibimiento las intenciones para las Misas v\u00eda telef\u00f3nica, puesto que se abrir\u00e1, igual, con toda la seguridad que se nos exige, la OFICINA PARROQUIAL. El horario diario ser\u00e1 de 11 hrs. a 13 hrs. De esta manera vamos a tener la posibilidad de pedir las intenciones de misa, las mandas y arreglar otros asuntos que corresponde a la parroquia, igual como antes.<\/p>\n","protected":false},"excerpt":{"rendered":"<p>Desde la Parroquia de Nuestra Se\u00f1ora del Rosario de Andacollo han informado una serie de medidas que se est\u00e1n implementando para atender a los feligreses de la mejor manera posible dada las restricciones sanitarias impuestas por la autoridad sanitaria. El comunicado es el siguiente: 1. Estamos viviendo los tiempos dif\u00edciles y no hace falta hacer [&hellip;]<\/p>\n","protected":false},"author":3,"featured_media":0,"comment_status":"open","ping_status":"open","sticky":false,"template":"","format":"standard","meta":{"_acf_changed":false,"footnotes":""},"categories":[1],"tags":[],"acf":[],"aioseo_notices":[],"_links":{"self":[{"href":"https:\/\/www.andacolloconectado.cl\/index.php\/wp-json\/wp\/v2\/posts\/10035"}],"collection":[{"href":"https:\/\/www.andacolloconectado.cl\/index.php\/wp-json\/wp\/v2\/posts"}],"about":[{"href":"https:\/\/www.andacolloconectado.cl\/index.php\/wp-json\/wp\/v2\/types\/post"}],"author":[{"embeddable":true,"href":"https:\/\/www.andacolloconectado.cl\/index.php\/wp-json\/wp\/v2\/users\/3"}],"replies":[{"embeddable":true,"href":"https:\/\/www.andacolloconectado.cl\/index.php\/wp-json\/wp\/v2\/comments?post=10035"}],"version-history":[{"count":2,"href":"https:\/\/www.andacolloconectado.cl\/index.php\/wp-json\/wp\/v2\/posts\/10035\/revisions"}],"predecessor-version":[{"id":10038,"href":"https:\/\/www.andacolloconectado.cl\/index.php\/wp-json\/wp\/v2\/posts\/10035\/revisions\/10038"}],"wp:attachment":[{"href":"https:\/\/www.andacolloconectado.cl\/index.php\/wp-json\/wp\/v2\/media?parent=10035"}],"wp:term":[{"taxonomy":"category","embeddable":true,"href":"https:\/\/www.andacolloconectado.cl\/index.php\/wp-json\/wp\/v2\/categories?post=10035"},{"taxonomy":"post_tag","embeddable":true,"href":"https:\/\/www.andacolloconectado.cl\/index.php\/wp-json\/wp\/v2\/tags?post=10035"}],"curies":[{"name":"wp","href":"https:\/\/api.w.org\/{rel}","templated":true}]}}