{"id":10148,"date":"2020-08-10T22:21:33","date_gmt":"2020-08-10T22:21:33","guid":{"rendered":"http:\/\/www.andacolloconectado.cl\/?p=10148"},"modified":"2020-08-10T22:22:03","modified_gmt":"2020-08-10T22:22:03","slug":"25-familias-del-sector-rural-de-andacollo-cuentan-con-corriente-electrica-gracias-a-paneles-fotovoltaicos","status":"publish","type":"post","link":"https:\/\/www.andacolloconectado.cl\/index.php\/25-familias-del-sector-rural-de-andacollo-cuentan-con-corriente-electrica-gracias-a-paneles-fotovoltaicos\/","title":{"rendered":"25 familias del sector rural de Andacollo cuentan con corriente el\u00e9ctrica gracias a paneles fotovoltaicos"},"content":{"rendered":"<p style=\"text-align: justify;\"><strong>Un proyecto apoyado por la Mesa Comunidad Andacollina Teck (CAT).<\/strong><\/p>\n<p style=\"text-align: justify;\"><strong><em>Esta iniciativa, al ser parte de las llamadas energ\u00edas renovables, tambi\u00e9n contribuye a la protecci\u00f3n del medio ambiente, permitiendo que los usuarios reduzcan el uso de combustibles contaminantes y utilicen la energ\u00eda solar.<\/em><\/strong><\/p>\n<p style=\"text-align: justify;\">La falta de servicios b\u00e1sicos en los sectores rurales de la comuna trae consigo la disminuci\u00f3n de la capacidad productiva de las familias de dichas localidades, lo que ha mermado la calidad de vida de las personas y dificultado su competitividad en relaci\u00f3n a otros sectores productivos.<\/p>\n<p style=\"text-align: justify;\">En este contexto, el Sindicato de Agricultores y Crianceros de Andacollo tom\u00f3 la decisi\u00f3n y elabor\u00f3 un proyecto para dotar a 25 familias del sector rural con la instalaci\u00f3n de paneles fotovoltaicos, los que son capaces de convertir la energ\u00eda solar en corriente el\u00e9ctrica.<\/p>\n<p style=\"text-align: justify;\">\u201cComo sindicato de crianceros decidimos postular a este proyecto para mejorar la calidad de vida de la gente de campo. Por lo mismo, a trav\u00e9s de reuniones con la comunidad de La Jarilla y Azogue, optamos por postular a paneles solares, que generar\u00e1n la corriente domiciliaria para que los hogares tuvieran inicialmente una buena iluminaci\u00f3n y en un futuro un refrigerador, lavadora, entre otros electrodom\u00e9sticos b\u00e1sicos\u201d, afirm\u00f3 Jorge Arias, presidente Sindicato de Agricultores y Crianceros de Andacollo.<\/p>\n<p style=\"text-align: justify;\">La iniciativa fue presentada el 2019 a la Mesa de la Comunidad Andacollina Teck (CAT), donde fue aprobada y se destinaron $43 millones para la ejecuci\u00f3n del proyecto, beneficiando a familias de los sectores de La Jarilla y Azogue, El Manzano, Los Caletones, Caldera y Damas, entre otros.<\/p>\n<p style=\"text-align: justify;\">Por su parte, Pedro C\u00e1ceres, coordinador de Relacionamiento Comunitario Teck CDA<strong>, <\/strong>destac\u00f3 el proyecto, se\u00f1alando que \u201cda cuenta de una necesidad muy importante que tiene la gente en el mundo rural que es la generaci\u00f3n de energ\u00eda sin tener que incurrir en grandes gastos. Hoy tenemos 25 instalaciones de paneles fotovoltaicos en varias localidades rurales de Andacollo y a la fecha llevamos pr\u00e1cticamente un 95% de ese proyecto terminado, ha sido muy positivo. Adem\u00e1s, se est\u00e1 incentivando la generaci\u00f3n de proyectos que apunten a mejorar la utilizaci\u00f3n de energ\u00edas renovables\u201d, sostuvo.<\/p>\n<p style=\"text-align: justify;\">Hoy, este proyecto ya es una realidad y le permite a estos n\u00facleos familiares contar con la energ\u00eda para el funcionamiento de servicios b\u00e1sicos como luz el\u00e9ctrica y electrodom\u00e9sticos, adem\u00e1s de otros aparatos \u00fatiles para el desarrollo de sus actividades productivas.<\/p>\n","protected":false},"excerpt":{"rendered":"<p>Un proyecto apoyado por la Mesa Comunidad Andacollina Teck (CAT). Esta iniciativa, al ser parte de las llamadas energ\u00edas renovables, tambi\u00e9n contribuye a la protecci\u00f3n del medio ambiente, permitiendo que los usuarios reduzcan el uso de combustibles contaminantes y utilicen la energ\u00eda solar. La falta de servicios b\u00e1sicos en los sectores rurales de la comuna [&hellip;]<\/p>\n","protected":false},"author":3,"featured_media":0,"comment_status":"open","ping_status":"open","sticky":false,"template":"","format":"standard","meta":{"_acf_changed":false,"footnotes":""},"categories":[4,1],"tags":[],"acf":[],"aioseo_notices":[],"_links":{"self":[{"href":"https:\/\/www.andacolloconectado.cl\/index.php\/wp-json\/wp\/v2\/posts\/10148"}],"collection":[{"href":"https:\/\/www.andacolloconectado.cl\/index.php\/wp-json\/wp\/v2\/posts"}],"about":[{"href":"https:\/\/www.andacolloconectado.cl\/index.php\/wp-json\/wp\/v2\/types\/post"}],"author":[{"embeddable":true,"href":"https:\/\/www.andacolloconectado.cl\/index.php\/wp-json\/wp\/v2\/users\/3"}],"replies":[{"embeddable":true,"href":"https:\/\/www.andacolloconectado.cl\/index.php\/wp-json\/wp\/v2\/comments?post=10148"}],"version-history":[{"count":2,"href":"https:\/\/www.andacolloconectado.cl\/index.php\/wp-json\/wp\/v2\/posts\/10148\/revisions"}],"predecessor-version":[{"id":10151,"href":"https:\/\/www.andacolloconectado.cl\/index.php\/wp-json\/wp\/v2\/posts\/10148\/revisions\/10151"}],"wp:attachment":[{"href":"https:\/\/www.andacolloconectado.cl\/index.php\/wp-json\/wp\/v2\/media?parent=10148"}],"wp:term":[{"taxonomy":"category","embeddable":true,"href":"https:\/\/www.andacolloconectado.cl\/index.php\/wp-json\/wp\/v2\/categories?post=10148"},{"taxonomy":"post_tag","embeddable":true,"href":"https:\/\/www.andacolloconectado.cl\/index.php\/wp-json\/wp\/v2\/tags?post=10148"}],"curies":[{"name":"wp","href":"https:\/\/api.w.org\/{rel}","templated":true}]}}