{"id":10377,"date":"2020-10-01T15:03:54","date_gmt":"2020-10-01T15:03:54","guid":{"rendered":"http:\/\/www.andacolloconectado.cl\/?p=10377"},"modified":"2020-10-01T15:03:54","modified_gmt":"2020-10-01T15:03:54","slug":"el-municipio-de-andacollo-reitera-que-no-habra-fiesta-chica-2020","status":"publish","type":"post","link":"https:\/\/www.andacolloconectado.cl\/index.php\/el-municipio-de-andacollo-reitera-que-no-habra-fiesta-chica-2020\/","title":{"rendered":"El Municipio de Andacollo reitera que no habr\u00e1 Fiesta Chica 2020"},"content":{"rendered":"<p style=\"text-align: justify;\">El martes reci\u00e9n pasado se efect\u00fao una reuni\u00f3n entre el alcalde de la comuna, Juan Carlos Alfaro y las autoridades regionales encabezadas por Gonzalo Chac\u00f3n, Intendente (S) de Coquimbo y los jefes de las FFAA para tomar medidas preventivas durante este primer fin de semana de octubre, fecha tradicional de la Fiesta Chica de Nuestra Se\u00f1ora del Rosario.<\/p>\n<p style=\"text-align: justify;\">Lo m\u00e1s importante es ratificar que no habr\u00e1 Fiesta Chica con presencia de peregrinos y Bailes Religiosos, los templos no se abrir\u00e1n y las misas del s\u00e1bado y domingo ser\u00e1n celebradas dentro de la iglesia parroquial a puertas cerradas sin fieles, pero ser\u00e1n transmitidas online por diversos medios de comunicaci\u00f3n y plataformas de internet.<\/p>\n<p style=\"text-align: justify;\">El Alcalde se\u00f1al\u00f3 que \u201ces lamentable por lo que significa esta Fiesta Religiosa como patrimonio y tradici\u00f3n de Andacollo, pero est\u00e1 primero la salud y vida de la gente por motivo de la pandemia no habr\u00e1 Fiesta como en a\u00f1os anteriores. La idea es que no entre nadie que no tenga domicilio en la comuna para proteger tanto a la gente de Andacollo como a la que podr\u00eda subir, estamos en una situaci\u00f3n de pandemia y hay que asumirla con seriedad y responsabilidad\u201d.<\/p>\n<p style=\"text-align: justify;\">En esta sesi\u00f3n se tomaron varias decisiones como el establecimiento de controles obligatorios a cargo de personal militar en todos los accesos a la comuna de Andacollo: cruce de El Pe\u00f1\u00f3n, caminos a La Caldera y R\u00edo Hurtado, para asegurarse que solo los residentes andacollinos puedan entrar.<\/p>\n<p style=\"text-align: justify;\">Tambi\u00e9n se reforzar\u00e1 con personal uniformado el puesto sanitario ubicado en el sector de La Colorada, para evitar la movilidad desde los sectores rurales, pues lo que busca es que solo est\u00e9n las personas que tengan domicilio comprobado en el radio urbano de Andacollo.<\/p>\n<p style=\"text-align: justify;\">Otra de las medidas fue adelantar el funcionamiento de la Feria libre que se instala los d\u00edas s\u00e1bados, \u00e9sta fue fijada para hoy jueves para evitar la entrada de los comerciantes que llegan desde otras ciudades cercanas.<\/p>\n<p style=\"text-align: justify;\">\u201cVan a ver controles estrictos, por lo tanto, el llamado es a cuidarse, a quedarse en casa y compartir en familia y participar por redes de esta Fiesta Chica\u201d, finaliz\u00f3 el edil.<\/p>\n<p style=\"text-align: justify;\">\n<p>&nbsp;<\/p>\n<p>&nbsp;<\/p>\n","protected":false},"excerpt":{"rendered":"<p>El martes reci\u00e9n pasado se efect\u00fao una reuni\u00f3n entre el alcalde de la comuna, Juan Carlos Alfaro y las autoridades regionales encabezadas por Gonzalo Chac\u00f3n, Intendente (S) de Coquimbo y los jefes de las FFAA para tomar medidas preventivas durante este primer fin de semana de octubre, fecha tradicional de la Fiesta Chica de Nuestra [&hellip;]<\/p>\n","protected":false},"author":3,"featured_media":0,"comment_status":"open","ping_status":"open","sticky":false,"template":"","format":"standard","meta":{"_acf_changed":false,"footnotes":""},"categories":[4,1],"tags":[],"acf":[],"aioseo_notices":[],"_links":{"self":[{"href":"https:\/\/www.andacolloconectado.cl\/index.php\/wp-json\/wp\/v2\/posts\/10377"}],"collection":[{"href":"https:\/\/www.andacolloconectado.cl\/index.php\/wp-json\/wp\/v2\/posts"}],"about":[{"href":"https:\/\/www.andacolloconectado.cl\/index.php\/wp-json\/wp\/v2\/types\/post"}],"author":[{"embeddable":true,"href":"https:\/\/www.andacolloconectado.cl\/index.php\/wp-json\/wp\/v2\/users\/3"}],"replies":[{"embeddable":true,"href":"https:\/\/www.andacolloconectado.cl\/index.php\/wp-json\/wp\/v2\/comments?post=10377"}],"version-history":[{"count":2,"href":"https:\/\/www.andacolloconectado.cl\/index.php\/wp-json\/wp\/v2\/posts\/10377\/revisions"}],"predecessor-version":[{"id":10380,"href":"https:\/\/www.andacolloconectado.cl\/index.php\/wp-json\/wp\/v2\/posts\/10377\/revisions\/10380"}],"wp:attachment":[{"href":"https:\/\/www.andacolloconectado.cl\/index.php\/wp-json\/wp\/v2\/media?parent=10377"}],"wp:term":[{"taxonomy":"category","embeddable":true,"href":"https:\/\/www.andacolloconectado.cl\/index.php\/wp-json\/wp\/v2\/categories?post=10377"},{"taxonomy":"post_tag","embeddable":true,"href":"https:\/\/www.andacolloconectado.cl\/index.php\/wp-json\/wp\/v2\/tags?post=10377"}],"curies":[{"name":"wp","href":"https:\/\/api.w.org\/{rel}","templated":true}]}}