{"id":10381,"date":"2020-10-02T19:06:50","date_gmt":"2020-10-02T19:06:50","guid":{"rendered":"http:\/\/www.andacolloconectado.cl\/?p=10381"},"modified":"2020-10-02T19:06:50","modified_gmt":"2020-10-02T19:06:50","slug":"se-extiende-plazo-para-postular-al-fondo-de-proyectos-de-la-comunidad-andacollina-teck-cat-2020","status":"publish","type":"post","link":"https:\/\/www.andacolloconectado.cl\/index.php\/se-extiende-plazo-para-postular-al-fondo-de-proyectos-de-la-comunidad-andacollina-teck-cat-2020\/","title":{"rendered":"Se extiende plazo para postular al Fondo de Proyectos de la Comunidad Andacollina Teck (CAT) 2020"},"content":{"rendered":"<p>&nbsp;<\/p>\n<p style=\"text-align: justify;\"><strong><em>El proceso se contin\u00faa realizando \u00edntegramente online a trav\u00e9s de la p\u00e1gina <\/em><\/strong><a href=\"http:\/\/www.proyectoscat.cl\"><strong><em>www.proyectoscat.cl<\/em><\/strong><\/a><strong><em> y las organizaciones cuentan con el apoyo de la consultora GEDES para orientar sus ideas.\u00a0 <\/em><\/strong><\/p>\n<p style=\"text-align: justify;\"><strong><em>\u00a0<\/em><\/strong>Dada la alta demanda y las condiciones excepcionales con que se realiza el proceso este a\u00f1o, es que se ha decidido extender el plazo de postulaci\u00f3n para el Fondo de Proyectos de la Comunidad Andacollina Teck (CAT) 2020, lo que permite que las organizaciones sociales andacollinas presenten sus iniciativas hasta el pr\u00f3ximo 16 de octubre.<\/p>\n<p style=\"text-align: justify;\">Como ya se ha mencionado, este a\u00f1o se busca que las postulaciones est\u00e9n orientadas en la reactivaci\u00f3n econ\u00f3mica, con la finalidad de que los proyectos contribuyan a la recuperaci\u00f3n de la econom\u00eda local, que tambi\u00e9n se ha visto afectada por las limitaciones impuestas por las autoridades para evitar la propagaci\u00f3n del Covid-19.<\/p>\n<p style=\"text-align: justify;\">Para ello, se definieron dos l\u00edneas de trabajo; Proyectos de Inversi\u00f3n Mayor, que abarca iniciativas de hasta $ 25 millones que apunten a la reactivaci\u00f3n econ\u00f3mica a trav\u00e9s de compra de activos, construcci\u00f3n de obras menores de infraestructura y\/o reparaci\u00f3n o mejoras de bienes inmuebles y servicios en Andacollo. Mientras que la otra vertiente son los Proyectos de Inversi\u00f3n Menor, l\u00ednea que financia hasta por $ 2 millones proyectos virtuales como cursos de capacitaci\u00f3n, realizaci\u00f3n de talleres online, iniciativas de comunicaci\u00f3n, equipamiento menor, entre otras.<\/p>\n<p style=\"text-align: justify;\">Al igual que en a\u00f1os anteriores, en esta ocasi\u00f3n el proceso se llevar\u00e1 a cabo de forma online, lo que se ve justificado por la situaci\u00f3n sanitaria actual y donde se recomienda prescindir de la atenci\u00f3n presencial en espacios cerrados.<\/p>\n<p style=\"text-align: justify;\">Para las organizaciones que est\u00e9n interesas en postular para obtener financiamiento para sus iniciativas, lo podr\u00e1n hacer a trav\u00e9s de la p\u00e1gina www.proyectoscat.cl, sitio donde estar\u00e1 detallado c\u00f3mo realizar la postulaci\u00f3n. Adem\u00e1s, con el fin de garantizar que todas las organizaciones puedan elaborar postulaciones adecuadas, se dispondr\u00e1 asesor\u00eda t\u00e9cnica de la consultora Gedes para que los gu\u00ede en el proceso. Para dudas o consultas, escribir al correo <a href=\"mailto:comunidades.cda@teck.com\">comunidades.cda@teck.com<\/a> o solicitar su asesor\u00eda en <a href=\"http:\/\/www.gedes.cl\">www.gedes.cl<\/a><\/p>\n<p style=\"text-align: justify;\">\n","protected":false},"excerpt":{"rendered":"<p>&nbsp; El proceso se contin\u00faa realizando \u00edntegramente online a trav\u00e9s de la p\u00e1gina www.proyectoscat.cl y las organizaciones cuentan con el apoyo de la consultora GEDES para orientar sus ideas.\u00a0 \u00a0Dada la alta demanda y las condiciones excepcionales con que se realiza el proceso este a\u00f1o, es que se ha decidido extender el plazo de postulaci\u00f3n [&hellip;]<\/p>\n","protected":false},"author":3,"featured_media":0,"comment_status":"open","ping_status":"open","sticky":false,"template":"","format":"standard","meta":{"_acf_changed":false,"footnotes":""},"categories":[4,1],"tags":[],"acf":[],"aioseo_notices":[],"_links":{"self":[{"href":"https:\/\/www.andacolloconectado.cl\/index.php\/wp-json\/wp\/v2\/posts\/10381"}],"collection":[{"href":"https:\/\/www.andacolloconectado.cl\/index.php\/wp-json\/wp\/v2\/posts"}],"about":[{"href":"https:\/\/www.andacolloconectado.cl\/index.php\/wp-json\/wp\/v2\/types\/post"}],"author":[{"embeddable":true,"href":"https:\/\/www.andacolloconectado.cl\/index.php\/wp-json\/wp\/v2\/users\/3"}],"replies":[{"embeddable":true,"href":"https:\/\/www.andacolloconectado.cl\/index.php\/wp-json\/wp\/v2\/comments?post=10381"}],"version-history":[{"count":1,"href":"https:\/\/www.andacolloconectado.cl\/index.php\/wp-json\/wp\/v2\/posts\/10381\/revisions"}],"predecessor-version":[{"id":10382,"href":"https:\/\/www.andacolloconectado.cl\/index.php\/wp-json\/wp\/v2\/posts\/10381\/revisions\/10382"}],"wp:attachment":[{"href":"https:\/\/www.andacolloconectado.cl\/index.php\/wp-json\/wp\/v2\/media?parent=10381"}],"wp:term":[{"taxonomy":"category","embeddable":true,"href":"https:\/\/www.andacolloconectado.cl\/index.php\/wp-json\/wp\/v2\/categories?post=10381"},{"taxonomy":"post_tag","embeddable":true,"href":"https:\/\/www.andacolloconectado.cl\/index.php\/wp-json\/wp\/v2\/tags?post=10381"}],"curies":[{"name":"wp","href":"https:\/\/api.w.org\/{rel}","templated":true}]}}