{"id":10432,"date":"2020-10-21T21:27:57","date_gmt":"2020-10-21T21:27:57","guid":{"rendered":"http:\/\/www.andacolloconectado.cl\/?p=10432"},"modified":"2020-10-21T21:27:57","modified_gmt":"2020-10-21T21:27:57","slug":"irelba-pinto-cultiva-hermosas-flores-que-llenan-de-colores-a-los-hogares-andacollinos","status":"publish","type":"post","link":"https:\/\/www.andacolloconectado.cl\/index.php\/irelba-pinto-cultiva-hermosas-flores-que-llenan-de-colores-a-los-hogares-andacollinos\/","title":{"rendered":"Irelba Pinto cultiva hermosas flores que llenan de colores a los hogares andacollinos"},"content":{"rendered":"<p style=\"text-align: justify;\">En el sector alto de nuestra comuna, en el camino al Observatorio, encontramos el invernadero \u201cEl maravilloso\u201d de la emprendedora andacollina Irelba Pinto Cort\u00e9s, quien lleva casi una d\u00e9cada dedicada al cultivo de astromelias y liliums.<\/p>\n<p style=\"text-align: justify;\">Esta esforzada madre y abuela parti\u00f3 en su invernadero con la producci\u00f3n de porotos verdes y tomates, despu\u00e9s de unos a\u00f1os la tierra se agot\u00f3 y decidieron probar con el cultivo de estas flores bulbosas.<\/p>\n<p style=\"text-align: justify;\">De sus inicios comenta que parti\u00f3 con una de sus hijas y fueron asesoradas por otra emprendedora de la comuna, la Sra. Olguita florista del sector de La Percala, quien les dio detalles de como trabajar en el cultivo de los liliums y astromelias.<\/p>\n<p style=\"text-align: justify;\">El a\u00f1o 2014 postularon al Fondo Concursable de Compa\u00f1\u00eda Teck CDA, con ese aporte realizaron obras de mejoramiento en el invernadero y compraron semillas y mallas para proteger las flores.<\/p>\n<p style=\"text-align: justify;\">Actualmente, explica que planta 2 veces al mes los bulbos y que aparte de los cuidados de agua y sol que requieren, les habla para que crezcan fuertes, sanos y hermosos.<\/p>\n<p style=\"text-align: justify;\">La Sra. Irelba comenta que \u201ccontin\u00fao en esto porque me gusta, as\u00ed que ac\u00e1 estoy feliz con mis astromelias y liliums. Me va super bien, si tengo muchas flores voy puerta a puerta y todo el barrio me compra y en los negocios del centro tambi\u00e9n me compran\u201d.<\/p>\n<p style=\"text-align: justify;\">Para los interesados en apoyar el emprendimiento de esta adulta mayor pueden realizar pedidos al celular 978177026 o en su casa ubicada en Avda. Manganeso 1020, Curque Alto.<\/p>\n<p style=\"text-align: justify;\">\n","protected":false},"excerpt":{"rendered":"<p>En el sector alto de nuestra comuna, en el camino al Observatorio, encontramos el invernadero \u201cEl maravilloso\u201d de la emprendedora andacollina Irelba Pinto Cort\u00e9s, quien lleva casi una d\u00e9cada dedicada al cultivo de astromelias y liliums. Esta esforzada madre y abuela parti\u00f3 en su invernadero con la producci\u00f3n de porotos verdes y tomates, despu\u00e9s de [&hellip;]<\/p>\n","protected":false},"author":3,"featured_media":0,"comment_status":"open","ping_status":"open","sticky":false,"template":"","format":"standard","meta":{"_acf_changed":false,"footnotes":""},"categories":[4,1],"tags":[],"acf":[],"aioseo_notices":[],"_links":{"self":[{"href":"https:\/\/www.andacolloconectado.cl\/index.php\/wp-json\/wp\/v2\/posts\/10432"}],"collection":[{"href":"https:\/\/www.andacolloconectado.cl\/index.php\/wp-json\/wp\/v2\/posts"}],"about":[{"href":"https:\/\/www.andacolloconectado.cl\/index.php\/wp-json\/wp\/v2\/types\/post"}],"author":[{"embeddable":true,"href":"https:\/\/www.andacolloconectado.cl\/index.php\/wp-json\/wp\/v2\/users\/3"}],"replies":[{"embeddable":true,"href":"https:\/\/www.andacolloconectado.cl\/index.php\/wp-json\/wp\/v2\/comments?post=10432"}],"version-history":[{"count":1,"href":"https:\/\/www.andacolloconectado.cl\/index.php\/wp-json\/wp\/v2\/posts\/10432\/revisions"}],"predecessor-version":[{"id":10434,"href":"https:\/\/www.andacolloconectado.cl\/index.php\/wp-json\/wp\/v2\/posts\/10432\/revisions\/10434"}],"wp:attachment":[{"href":"https:\/\/www.andacolloconectado.cl\/index.php\/wp-json\/wp\/v2\/media?parent=10432"}],"wp:term":[{"taxonomy":"category","embeddable":true,"href":"https:\/\/www.andacolloconectado.cl\/index.php\/wp-json\/wp\/v2\/categories?post=10432"},{"taxonomy":"post_tag","embeddable":true,"href":"https:\/\/www.andacolloconectado.cl\/index.php\/wp-json\/wp\/v2\/tags?post=10432"}],"curies":[{"name":"wp","href":"https:\/\/api.w.org\/{rel}","templated":true}]}}