{"id":10486,"date":"2020-11-13T17:56:02","date_gmt":"2020-11-13T17:56:02","guid":{"rendered":"http:\/\/www.andacolloconectado.cl\/?p=10486"},"modified":"2020-11-13T21:04:39","modified_gmt":"2020-11-13T21:04:39","slug":"andrea-castillo-es-reconocida-a-nivel-internacional-por-su-labor-en-la-divulgacion-de-la-astronomia","status":"publish","type":"post","link":"https:\/\/www.andacolloconectado.cl\/index.php\/andrea-castillo-es-reconocida-a-nivel-internacional-por-su-labor-en-la-divulgacion-de-la-astronomia\/","title":{"rendered":"Andrea Castillo es reconocida a nivel internacional por su labor en la divulgaci\u00f3n de la astronom\u00eda"},"content":{"rendered":"<p style=\"text-align: justify;\">A inicios de esta semana la andacollina Andrea Castillo Flores, reconocida gu\u00eda astron\u00f3mica se enter\u00f3 que fue una de las ganadoras el premio Dark Sky Defender 2020, que es otorgado anualmente por la International Dark Sky Association (IDA).<\/p>\n<p style=\"text-align: justify;\">Este galard\u00f3n se otorga a personas y organizaciones en reconocimiento a sus esfuerzos para promover y hacer avanzar la misi\u00f3n del IDA mediante la promoci\u00f3n de una iluminaci\u00f3n exterior de calidad para reducir la contaminaci\u00f3n lum\u00ednica y sus impactos ambientales.<\/p>\n<p style=\"text-align: justify;\">Andrea comenta que para ella fue algo totalmente inesperado, pues no sabe hasta el momento quien la postul\u00f3, pero est\u00e1 muy contenta de ver como su esfuerzo y trabajo iniciado hace 6 a\u00f1os con escolares han sido una inspiraci\u00f3n para otros. Este es un premio que se otorga a cerca de 20 personas de diferentes pa\u00edses como Estados Unidos, Irlanda, India, Nueva Zelanda, Australia.<\/p>\n<p style=\"text-align: justify;\">Su acercamiento a la divulgaci\u00f3n astron\u00f3mica se produjo hace m\u00e1s de 15 a\u00f1os cuando asisti\u00f3 a un curso para la formaci\u00f3n de gu\u00edas astron\u00f3micos para atender a los turistas que visitaban el observatorio Collowara. Posteriormente, contin\u00fao con el astroturismo, ofreciendo sus servicios de gu\u00eda y de observaci\u00f3n de manera m\u00f3vil en su microempresa \u201cQuyllur\u201d, en la cual cuenta con 5 telescopios de gran alcance.<\/p>\n<p style=\"text-align: justify;\">Pero, el \u00e1rea que m\u00e1s satisfacciones le han tra\u00eddo a Andrea es la divulgaci\u00f3n cient\u00edfica que ha realizado entre los ni\u00f1os de nuestra comuna, especialmente en la Escuela Patricio Lynch, donde cre\u00f3 hace 6 a\u00f1os la primera Brigada de Protecci\u00f3n de los Cielos de la regi\u00f3n de Coquimbo. Este grupo es integrado por alumnos de 5\u00b0 a 8\u00b0 b\u00e1sico y entregan informaci\u00f3n tanto a la comunidad de Andacollo como a otras ciudades para ense\u00f1ar a iluminar correctamente para que no afecte la observaci\u00f3n del cielo y sus astros, principalmente de la II a la IV regi\u00f3n por la gran cantidad de Observatorios que hay en estas zonas.<\/p>\n<p style=\"text-align: justify;\">\u201cEstoy muy orgullosa del trabajo que estamos haciendo con esta iniciativa, que se so\u00f1\u00f3 en una sala de clases en un taller de astronom\u00eda, lo hicimos y lo concretamos. Hemos ido paso a paso haciendo cosas peque\u00f1as, pero a la vez grandes en el sentido de que salimos a representar a Andacollo\u201d, coment\u00f3 Andrea.<\/p>\n<p style=\"text-align: justify;\">Por otra parte, esta mujer emprendedora y gestora cultural acaba tambi\u00e9n de ser reconocida por TVN como una de los 14 \u201cCamiseteados por Chile\u201d, que es un proyecto que busca visibilizar, celebrar y premiar a personas comunes que llevan a cabo tareas extraordinarias con las que impactan a las comunidades en las que se desenvuelven. Hoy viernes 13 de noviembre ser\u00e1 una de las invitadas en el Programa \u201cCarmen Gloria a su servicio\u201d a las 18 hrs.<\/p>\n<p style=\"text-align: justify;\">\u201cMi mensaje para la mujer andacollina es que siempre vamos a tener un sue\u00f1o y va en uno mismo buscar y concretar ese sue\u00f1o. No importa que te cueste, que puedan pasar a\u00f1os, hay que tener la paciencia para seguir trabajando porque en alg\u00fan momento esto va a resultar, todo lo que quisiste se va a abrir en el horizonte y vas a tener tu sue\u00f1o logrado frente a ti\u201d, concluy\u00f3 Andrea.<\/p>\n","protected":false},"excerpt":{"rendered":"<p>A inicios de esta semana la andacollina Andrea Castillo Flores, reconocida gu\u00eda astron\u00f3mica se enter\u00f3 que fue una de las ganadoras el premio Dark Sky Defender 2020, que es otorgado anualmente por la International Dark Sky Association (IDA). Este galard\u00f3n se otorga a personas y organizaciones en reconocimiento a sus esfuerzos para promover y hacer [&hellip;]<\/p>\n","protected":false},"author":3,"featured_media":0,"comment_status":"open","ping_status":"open","sticky":false,"template":"","format":"standard","meta":{"_acf_changed":false,"footnotes":""},"categories":[4,1],"tags":[],"acf":[],"aioseo_notices":[],"_links":{"self":[{"href":"https:\/\/www.andacolloconectado.cl\/index.php\/wp-json\/wp\/v2\/posts\/10486"}],"collection":[{"href":"https:\/\/www.andacolloconectado.cl\/index.php\/wp-json\/wp\/v2\/posts"}],"about":[{"href":"https:\/\/www.andacolloconectado.cl\/index.php\/wp-json\/wp\/v2\/types\/post"}],"author":[{"embeddable":true,"href":"https:\/\/www.andacolloconectado.cl\/index.php\/wp-json\/wp\/v2\/users\/3"}],"replies":[{"embeddable":true,"href":"https:\/\/www.andacolloconectado.cl\/index.php\/wp-json\/wp\/v2\/comments?post=10486"}],"version-history":[{"count":4,"href":"https:\/\/www.andacolloconectado.cl\/index.php\/wp-json\/wp\/v2\/posts\/10486\/revisions"}],"predecessor-version":[{"id":10492,"href":"https:\/\/www.andacolloconectado.cl\/index.php\/wp-json\/wp\/v2\/posts\/10486\/revisions\/10492"}],"wp:attachment":[{"href":"https:\/\/www.andacolloconectado.cl\/index.php\/wp-json\/wp\/v2\/media?parent=10486"}],"wp:term":[{"taxonomy":"category","embeddable":true,"href":"https:\/\/www.andacolloconectado.cl\/index.php\/wp-json\/wp\/v2\/categories?post=10486"},{"taxonomy":"post_tag","embeddable":true,"href":"https:\/\/www.andacolloconectado.cl\/index.php\/wp-json\/wp\/v2\/tags?post=10486"}],"curies":[{"name":"wp","href":"https:\/\/api.w.org\/{rel}","templated":true}]}}