{"id":10704,"date":"2021-01-22T20:50:32","date_gmt":"2021-01-22T20:50:32","guid":{"rendered":"http:\/\/www.andacolloconectado.cl\/?p=10704"},"modified":"2021-01-22T20:53:05","modified_gmt":"2021-01-22T20:53:05","slug":"10704","status":"publish","type":"post","link":"https:\/\/www.andacolloconectado.cl\/index.php\/10704\/","title":{"rendered":"Comienza proceso de postulaci\u00f3n al \u201cFondo de Desarrollo Microempresarial\u201d 2021"},"content":{"rendered":"<p style=\"text-align: justify;\"><strong><em>Dada la contingencia sanitaria, se habilitar\u00e1n tres v\u00edas de postulaci\u00f3n; por correo electr\u00f3nico, a trav\u00e9s de un enlace web directo o de forma presencial.<\/em><\/strong><\/p>\n<p style=\"text-align: justify;\">\u00a0Ya est\u00e1 en marcha el proceso para postular a una nueva versi\u00f3n del \u201cFondo de Desarrollo Microempresarial\u201d 2021, iniciativa de inversi\u00f3n comunitaria de Teck Carmen de Andacollo junto a la Corporaci\u00f3n de Desarrollo de la Provincia de El Loa (PROLOA) y que busca apoyar los emprendimientos de Andacollo y Alfalfares contribuyendo as\u00ed en la calidad de vida de las personas y en la econom\u00eda local, econom\u00eda que en el actual escenario se ha visto afectada en las actuales condiciones de pandemia por covid19.<\/p>\n<p style=\"text-align: justify;\">Paulo Barraza, gerente de Gesti\u00f3n Comunitaria de Teck CDA, realiz\u00f3 un llamado a participar, sosteniendo que \u201cesta es una de las tantas formas que tenemos para contribuir al desarrollo econ\u00f3mico y social de Andacollo. Somos conscientes que el 2020 fue un a\u00f1o dif\u00edcil y el 2021 contin\u00faa siendo una inc\u00f3gnita, por ello llamamos a los microempresarios y peque\u00f1os negociantes para que se informen y opten por estos fondos que les permitir\u00e1n fortalecer su actividad comercial\u201d, sostuvo el ejecutivo.<\/p>\n<p style=\"text-align: justify;\">Para la presente edici\u00f3n, el programa tendr\u00e1 dos l\u00edneas de financiamiento; \u201cL\u00ednea Fondo Iniciados\u201d, dirigido a personas naturales que tienen un negocio en funcionamiento y deseen fortalecerlo y\/o formalizarlo, financiando proyectos por un monto m\u00e1ximo de $700.000.\u00a0 Mientras que tambi\u00e9n est\u00e1 disponible la \u201cL\u00ednea Fondo Empresa\u201d, que se enfoca en microempresarios que tienen un negocio establecido, constituido como persona natural o jur\u00eddica y que tributen en primera categor\u00eda ante el Servicio de Impuestos Internos (SII), financiando iniciativas por un monto m\u00e1ximo de $1.000.000.\u00a0 En ambos casos, el postulante debe aportar un cofinanciamiento del 10% del valor solicitado, el que podr\u00e1 ser en efectivo o mediante un aporte valorizado.<\/p>\n<p style=\"text-align: justify;\"><strong>Bases y postulaci\u00f3n\u00a0\u00a0 <\/strong><\/p>\n<p style=\"text-align: justify;\">Dado el contexto y de acuerdo a las recomendaciones de las autoridades sanitarias para evitar la propagaci\u00f3n del COVID-19, este a\u00f1o se habilitaron m\u00e1s opciones para conocer los requisitos y documentos necesarios para participar del proceso.<\/p>\n<p style=\"text-align: justify;\">Las bases del fondo se podr\u00e1n obtener en forma gratuita desde el 20 de enero a trav\u00e9s del sitio web de la Corporaci\u00f3n PROLOA <a href=\"http:\/\/www.proloa.cl\">www.proloa.cl<\/a>, o bien, solicitarlas al correo electr\u00f3nico <a href=\"mailto:fondemiteck@proloa.cl\">fondemiteck@proloa.cl<\/a>. Quienes no puedan acceder v\u00eda remota, se deben acercar hasta las oficinas de Teck CDA, ubicada en Avda. La Serena s\/n (Ex Centro de Eventos Tabankura) de lunes a jueves desde las 9:00 a 18:00 horas, donde ser\u00e1n recibidos con todas las medidas preventivas necesarias.<\/p>\n<p style=\"text-align: justify;\">En tanto, la recepci\u00f3n de las postulaciones ser\u00e1 exclusivamente los d\u00edas 22 y 23 de febrero por alguna de las tres modalidades disponibles para ello; presencial en las oficinas de Teck CDA mencionadas con anterioridad, ser enviada v\u00eda correo electr\u00f3nico a <a href=\"mailto:fondemiteck@proloa.cl\">fondemiteck@proloa.cl<\/a> o ser cargadas v\u00eda web en el enlace <a href=\"https:\/\/forms.gle\/aAuiYqoxgzT7khzy7\">https:\/\/forms.gle\/aAuiYqoxgzT7khzy7<\/a> .<\/p>\n<p>&nbsp;<\/p>\n","protected":false},"excerpt":{"rendered":"<p>Dada la contingencia sanitaria, se habilitar\u00e1n tres v\u00edas de postulaci\u00f3n; por correo electr\u00f3nico, a trav\u00e9s de un enlace web directo o de forma presencial. \u00a0Ya est\u00e1 en marcha el proceso para postular a una nueva versi\u00f3n del \u201cFondo de Desarrollo Microempresarial\u201d 2021, iniciativa de inversi\u00f3n comunitaria de Teck Carmen de Andacollo junto a la Corporaci\u00f3n [&hellip;]<\/p>\n","protected":false},"author":3,"featured_media":0,"comment_status":"open","ping_status":"open","sticky":false,"template":"","format":"standard","meta":{"_acf_changed":false,"footnotes":""},"categories":[4,1],"tags":[],"acf":[],"aioseo_notices":[],"_links":{"self":[{"href":"https:\/\/www.andacolloconectado.cl\/index.php\/wp-json\/wp\/v2\/posts\/10704"}],"collection":[{"href":"https:\/\/www.andacolloconectado.cl\/index.php\/wp-json\/wp\/v2\/posts"}],"about":[{"href":"https:\/\/www.andacolloconectado.cl\/index.php\/wp-json\/wp\/v2\/types\/post"}],"author":[{"embeddable":true,"href":"https:\/\/www.andacolloconectado.cl\/index.php\/wp-json\/wp\/v2\/users\/3"}],"replies":[{"embeddable":true,"href":"https:\/\/www.andacolloconectado.cl\/index.php\/wp-json\/wp\/v2\/comments?post=10704"}],"version-history":[{"count":2,"href":"https:\/\/www.andacolloconectado.cl\/index.php\/wp-json\/wp\/v2\/posts\/10704\/revisions"}],"predecessor-version":[{"id":10710,"href":"https:\/\/www.andacolloconectado.cl\/index.php\/wp-json\/wp\/v2\/posts\/10704\/revisions\/10710"}],"wp:attachment":[{"href":"https:\/\/www.andacolloconectado.cl\/index.php\/wp-json\/wp\/v2\/media?parent=10704"}],"wp:term":[{"taxonomy":"category","embeddable":true,"href":"https:\/\/www.andacolloconectado.cl\/index.php\/wp-json\/wp\/v2\/categories?post=10704"},{"taxonomy":"post_tag","embeddable":true,"href":"https:\/\/www.andacolloconectado.cl\/index.php\/wp-json\/wp\/v2\/tags?post=10704"}],"curies":[{"name":"wp","href":"https:\/\/api.w.org\/{rel}","templated":true}]}}