{"id":10827,"date":"2021-03-09T19:22:14","date_gmt":"2021-03-09T19:22:14","guid":{"rendered":"http:\/\/www.andacolloconectado.cl\/?p=10827"},"modified":"2021-03-09T19:23:03","modified_gmt":"2021-03-09T19:23:03","slug":"organizadores-de-la-campana-eduardo-estamos-contigo-agradecieron-la-colaboracion-de-la-comunidad","status":"publish","type":"post","link":"https:\/\/www.andacolloconectado.cl\/index.php\/organizadores-de-la-campana-eduardo-estamos-contigo-agradecieron-la-colaboracion-de-la-comunidad\/","title":{"rendered":"Organizadores de la campa\u00f1a \u00abEduardo estamos contigo\u00bb agradecieron la colaboraci\u00f3n de la comunidad"},"content":{"rendered":"<p>El jueves pasado se vivi\u00f3 una jornada de solidaridad\u00a0a trav\u00e9s de\u00a0la campa\u00f1a ben\u00e9fica \u201cEduardo estamos contigo\u201d, impulsada por los artistas andacollinos, apoyada por la Junta\u00a0 de Vecinos N\u00b08 de la Poblaci\u00f3n 25 de octubre y\u00a0 el\u00a0 canal local \u201cAndacollo Se\u00f1al 6\u201d, para ayudar a enfrentar\u00a0 los gastos m\u00e9dicos de la delicada salud de Eduardo Rojas Montenegro.<\/p>\n<p>Adem\u00e1s, la actividad fue una instancia para expresar el reconocimiento al m\u00fasico, por su aporte al patrimonio cultural de nuestra comuna, donde sus colegas le expresaron su admiraci\u00f3n por su vida ligada a lo art\u00edstico en sus diferentes facetas de gestor cultural, cantautor, poeta y pintor.<\/p>\n<p>La jornada parti\u00f3 a las 10 de la ma\u00f1ana por las pantallas de Andacollo Se\u00f1al 6 y concluy\u00f3 a las 19 horas. En total se logr\u00f3 recaudar la suma de $1.551.000 entre los aportes depositados directamente en la cuenta bancaria de Eduardo y en una caja auxiliar en la sede de la Junta de Vecinos. Al d\u00eda siguiente, esta colecta se increment\u00f3 a $1.609.000 por la cooperaci\u00f3n de los Asociaci\u00f3n de Taxis B\u00e1sicos.<\/p>\n<p>Fue el propio Eduardo y su\u00a0 familia quienes expresaron en una carta sus agradecimientos a todos quienes aportaron con dinero y a los organizadores de la campa\u00f1a. \u00abSobre todo lo m\u00e1s importante fue el homenaje y\u00a0 el cari\u00f1o incondicional que tienen hacia mi persona, que me emocionaron de sobremanera y llenaron mi coraz\u00f3n. Me siento agradecido de los innumerables saludos y buenas vibras de todas las personas que se dieron el tiempo de dedicarme palabras de aliento, a mis amigos m\u00fasicos con quienes compart\u00ed a\u00f1os de mi vida en los distintos escenarios, festivales, actos beneficios y adem\u00e1s al conjunto folcl\u00f3rico Huaso Gonz\u00e1lez, al cual le dediqu\u00e9 15 a\u00f1os compartiendo en pe\u00f1as y distintos eventos. Siento que he dejado una huella en la m\u00fasica y\u00a0 en el arte en mi pueblo\u201d, concluy\u00f3 el artista andacollino.<\/p>\n","protected":false},"excerpt":{"rendered":"<p>El jueves pasado se vivi\u00f3 una jornada de solidaridad\u00a0a trav\u00e9s de\u00a0la campa\u00f1a ben\u00e9fica \u201cEduardo estamos contigo\u201d, impulsada por los artistas andacollinos, apoyada por la Junta\u00a0 de Vecinos N\u00b08 de la Poblaci\u00f3n 25 de octubre y\u00a0 el\u00a0 canal local \u201cAndacollo Se\u00f1al 6\u201d, para ayudar a enfrentar\u00a0 los gastos m\u00e9dicos de la delicada salud de Eduardo Rojas [&hellip;]<\/p>\n","protected":false},"author":3,"featured_media":0,"comment_status":"open","ping_status":"open","sticky":false,"template":"","format":"standard","meta":{"_acf_changed":false,"footnotes":""},"categories":[1],"tags":[2847,987],"acf":[],"aioseo_notices":[],"_links":{"self":[{"href":"https:\/\/www.andacolloconectado.cl\/index.php\/wp-json\/wp\/v2\/posts\/10827"}],"collection":[{"href":"https:\/\/www.andacolloconectado.cl\/index.php\/wp-json\/wp\/v2\/posts"}],"about":[{"href":"https:\/\/www.andacolloconectado.cl\/index.php\/wp-json\/wp\/v2\/types\/post"}],"author":[{"embeddable":true,"href":"https:\/\/www.andacolloconectado.cl\/index.php\/wp-json\/wp\/v2\/users\/3"}],"replies":[{"embeddable":true,"href":"https:\/\/www.andacolloconectado.cl\/index.php\/wp-json\/wp\/v2\/comments?post=10827"}],"version-history":[{"count":2,"href":"https:\/\/www.andacolloconectado.cl\/index.php\/wp-json\/wp\/v2\/posts\/10827\/revisions"}],"predecessor-version":[{"id":10830,"href":"https:\/\/www.andacolloconectado.cl\/index.php\/wp-json\/wp\/v2\/posts\/10827\/revisions\/10830"}],"wp:attachment":[{"href":"https:\/\/www.andacolloconectado.cl\/index.php\/wp-json\/wp\/v2\/media?parent=10827"}],"wp:term":[{"taxonomy":"category","embeddable":true,"href":"https:\/\/www.andacolloconectado.cl\/index.php\/wp-json\/wp\/v2\/categories?post=10827"},{"taxonomy":"post_tag","embeddable":true,"href":"https:\/\/www.andacolloconectado.cl\/index.php\/wp-json\/wp\/v2\/tags?post=10827"}],"curies":[{"name":"wp","href":"https:\/\/api.w.org\/{rel}","templated":true}]}}