{"id":10884,"date":"2021-03-23T16:33:41","date_gmt":"2021-03-23T16:33:41","guid":{"rendered":"http:\/\/www.andacolloconectado.cl\/?p=10884"},"modified":"2021-03-23T16:34:48","modified_gmt":"2021-03-23T16:34:48","slug":"municipio-invita-a-participar-de-concurso-de-cuentos-astronomia-en-200-palabras","status":"publish","type":"post","link":"https:\/\/www.andacolloconectado.cl\/index.php\/municipio-invita-a-participar-de-concurso-de-cuentos-astronomia-en-200-palabras\/","title":{"rendered":"Municipio invita a participar de concurso de  cuentos \u201cAstronom\u00eda  en 200 Palabras\u201d"},"content":{"rendered":"<p>Como parte de las actividades que se realizan para conmemorar el D\u00eda de la Astronom\u00eda el Observatorio Collowara ha organizado un concurso literario a trav\u00e9s de los Departamento de Turismo y Cultura de la Municipalidad de Andacollo.<\/p>\n<p>Esta actividad\u00a0 denominada \u201cCuento breve D\u00eda de la Astronom\u00eda\u201d va dirigida a las ni\u00f1as y\u00a0 ni\u00f1os que\u00a0 cursan la ense\u00f1anza b\u00e1sica en alg\u00fan \u00a0colegio de la\u00a0 comuna. Los trabajos ser\u00e1n premiados en 2 categor\u00edas: la primera de \u00a03ro a 5to b\u00e1sico y\u00a0 la segunda de 6to a 8vo b\u00e1sico.<\/p>\n<p>Para\u00a0 participar deben presentar hasta\u00a0 el\u00a0 29 de marzo alg\u00fan relato real contado por los abuelos o ficticio y\u00a0 que no supere las 200 palabras, pueden agregar una imagen, la creaci\u00f3n ser\u00e1 de libre imaginaci\u00f3n, puede utilizar el material que desee, como cart\u00f3n, papel, pintura, acuarela, etc.<\/p>\n<p>La tem\u00e1tica abordada deber\u00e1 estar relacionada a la astronom\u00eda y para ello podr\u00e1n responder algunas preguntas como las siguientes: \u00bfQu\u00e9 es la astronom\u00eda?, \u00bfC\u00f3mo se form\u00f3 el Universo?, \u00bfDe qu\u00e9 est\u00e1n compuestas las Estrellas?, \u00bfCu\u00e1l es la diferencia entre un Observatorios Cient\u00edficos y Tur\u00edsticos? \u00bfQu\u00e9 es el big bang?, \u00bfCu\u00e1ntos planetas existen? \u00bfQu\u00e9 se desarrolla en el Observatorio Collowara?<\/p>\n<p>Debemos mencionar que el D\u00eda de la Astronom\u00eda es una iniciativa que parti\u00f3 \u00a0el\u00a0 a\u00f1o\u00a0 2014 cuando la Comisi\u00f3n Nacional de Investigaci\u00f3n Cient\u00edfica y Tecnol\u00f3gica, CONICYT, a trav\u00e9s de sus programas Explora y de Astronom\u00eda, en conjunto con la Fundaci\u00f3n Planetario y la Sociedad Chilena de Astronom\u00eda, SOCHIAS, decidi\u00f3 instaurar el D\u00eda de la Astronom\u00eda en el mes de marzo, como una manera de destacar este patrimonio natural, difundir las investigaciones en este \u00e1mbito y despertar el inter\u00e9s de la comunidad.<\/p>\n<p>Para mayor informaci\u00f3n\u00a0 sobre el concurso se pueden solicitar las bases y requisitos a los emails: <a href=\"mailto:Andacollo.turismo@gmail.com\">Andacollo.turismo@gmail.com<\/a> \u2013 <a href=\"mailto:Andacollo.cultura@gmail.com\">Andacollo.cultura@gmail.com<\/a>, en el Facebook Cultura Turismo Andacollo o acercarse a la Casa del\u00a0 Encuentro\u00a0 Ciudadano ubicado\u00a0 en Urmeneta 599.<\/p>\n","protected":false},"excerpt":{"rendered":"<p>Como parte de las actividades que se realizan para conmemorar el D\u00eda de la Astronom\u00eda el Observatorio Collowara ha organizado un concurso literario a trav\u00e9s de los Departamento de Turismo y Cultura de la Municipalidad de Andacollo. Esta actividad\u00a0 denominada \u201cCuento breve D\u00eda de la Astronom\u00eda\u201d va dirigida a las ni\u00f1as y\u00a0 ni\u00f1os que\u00a0 cursan [&hellip;]<\/p>\n","protected":false},"author":3,"featured_media":0,"comment_status":"open","ping_status":"open","sticky":false,"template":"","format":"standard","meta":{"_acf_changed":false,"footnotes":""},"categories":[1],"tags":[2861,2862,267,260],"acf":[],"aioseo_notices":[],"_links":{"self":[{"href":"https:\/\/www.andacolloconectado.cl\/index.php\/wp-json\/wp\/v2\/posts\/10884"}],"collection":[{"href":"https:\/\/www.andacolloconectado.cl\/index.php\/wp-json\/wp\/v2\/posts"}],"about":[{"href":"https:\/\/www.andacolloconectado.cl\/index.php\/wp-json\/wp\/v2\/types\/post"}],"author":[{"embeddable":true,"href":"https:\/\/www.andacolloconectado.cl\/index.php\/wp-json\/wp\/v2\/users\/3"}],"replies":[{"embeddable":true,"href":"https:\/\/www.andacolloconectado.cl\/index.php\/wp-json\/wp\/v2\/comments?post=10884"}],"version-history":[{"count":3,"href":"https:\/\/www.andacolloconectado.cl\/index.php\/wp-json\/wp\/v2\/posts\/10884\/revisions"}],"predecessor-version":[{"id":10888,"href":"https:\/\/www.andacolloconectado.cl\/index.php\/wp-json\/wp\/v2\/posts\/10884\/revisions\/10888"}],"wp:attachment":[{"href":"https:\/\/www.andacolloconectado.cl\/index.php\/wp-json\/wp\/v2\/media?parent=10884"}],"wp:term":[{"taxonomy":"category","embeddable":true,"href":"https:\/\/www.andacolloconectado.cl\/index.php\/wp-json\/wp\/v2\/categories?post=10884"},{"taxonomy":"post_tag","embeddable":true,"href":"https:\/\/www.andacolloconectado.cl\/index.php\/wp-json\/wp\/v2\/tags?post=10884"}],"curies":[{"name":"wp","href":"https:\/\/api.w.org\/{rel}","templated":true}]}}