{"id":11008,"date":"2021-05-04T19:06:48","date_gmt":"2021-05-04T19:06:48","guid":{"rendered":"http:\/\/www.andacolloconectado.cl\/?p=11008"},"modified":"2021-05-04T19:06:48","modified_gmt":"2021-05-04T19:06:48","slug":"alcalde-juan-carlos-alfaro-presento-la-cuenta-publica-de-la-gestion-administrativa-2020","status":"publish","type":"post","link":"https:\/\/www.andacolloconectado.cl\/index.php\/alcalde-juan-carlos-alfaro-presento-la-cuenta-publica-de-la-gestion-administrativa-2020\/","title":{"rendered":"Alcalde Juan Carlos Alfaro present\u00f3 la cuenta p\u00fablica de la gesti\u00f3n administrativa 2020"},"content":{"rendered":"<p><em>La autoridad andacollina realiz\u00f3 un positivo balance de lo realizado en la gesti\u00f3n del per\u00edodo 2020. En un a\u00f1o marcado por la pandemia del Coronavirus, destac\u00f3 el compromiso de la entidad edilicia con la comunidad en los aportes solidario. Adem\u00e1s, destac\u00f3 el cumplimiento de compromisos en infraestructura con la comunidad. <\/em><\/p>\n<p>El pasado jueves 29 de abril el alcalde Juan Carlos Alfaro realiz\u00f3 la \u00faltima cuenta p\u00fablica de su tercer y \u00faltimo mandato. La primera autoridad \u00a0comunal, destac\u00f3 las ayudas y gestiones relacionadas con el desarrollo comunitario, sobre todo durante la pandemia del COVID-19.<\/p>\n<p>El edil indic\u00f3 que \u201cel a\u00f1o 2020 estuvo marcado por la pandemia y por lo tanto las actividades se han tenido que modificar y realizarse de forma virtual. A\u00fan as\u00ed siempre intentamos hacerlo lo mejor posible, siempre tratando de privilegiar el cuidado de la salud y trabajando fuertemente en el \u00e1mbito de ayuda sociales para las personas que m\u00e1s lo necesitan\u201d.<\/p>\n<p>Por otra parte, el alcalde destac\u00f3 la relevancia de contar con un departamento de Medio Ambiente, y lo que signific\u00f3 durante la pandemia del Coronavirus realizar un plan comunal de sanitizaci\u00f3n y lograr as\u00ed mantener bajos los n\u00fameros de contagios activos. Esto tuvo sus frutos, ya que Andacollo nunca ha estado en el paso 1 o Cuarentena Total. Adem\u00e1s de mantener las fiscalizaciones a las empresas mineras para poder mantener un ambiente libre de contaminaci\u00f3n.<\/p>\n<p>En cuanto al hermoseamiento y la mantenci\u00f3n de Andacollo durante el 2020 se trabaj\u00f3 fuertemente en la recolecci\u00f3n de los residuos domiciliarios, basura hist\u00f3rica y limpieza de sitios eriazos. El Departamento de Aseo y Ornato recolect\u00f3 4 000 toneladas en el a\u00f1o 2020 con un costo de m\u00e1s de 164 millones de pesos de inversi\u00f3n con recursos propios y personal municipal.<\/p>\n<p>Tambi\u00e9n habl\u00f3 de algunos compromisos en infraestructura que se fueron concretando durante el a\u00f1o pasado, como, por ejemplo, la pavimentaci\u00f3n de Subida Cementerio Norte y el Gimnasio Techado del Colegio Nuestra Se\u00f1ora del Rosario. Estos compromisos sin duda que fueron anhelados por a\u00f1os por los habitantes del sector de Cementerio Norte y la comunidad educativa del Colegio Nuestra Se\u00f1ora del Rosario, respectivamente.<\/p>\n<p>\u201cAndacollo cambi\u00f3 y para bien. Cualquier persona que sea objetiva se dar\u00e1 cuenta de todas las cosas que hemos realizado en la comuna. Recuperaci\u00f3n de espacios p\u00fablicos, soluciones de alcantarillado y agua potable, pavimentaci\u00f3n y electrificaci\u00f3n de los sectores rurales y recintos deportivos de primer nivel son parte de las obras que se han ejecutado en nuestra administraci\u00f3n\u201d, se\u00f1al\u00f3 la autoridad comunal.<\/p>\n<p>Finalmente, hay\u00a0 que mencionar que la \u00a0cuenta p\u00fablica se realiz\u00f3 en el Sal\u00f3n Padre Alberto Hurtado de la Municipalidad de Andacollo con un aforo reducido de personas (con distanciamiento social y mascarilla), adecuado para el paso 3 de transici\u00f3n que en la estapa que est\u00e1 la comuna minera en el Plan Paso a Paso y adem\u00e1s a trav\u00e9s de diferentes plataformas de streaming. El documento de la Cuenta P\u00fablica Gesti\u00f3n 2020 est\u00e1 disponible en www.andacollochile.cl y tambi\u00e9n la puede ver la transmisi\u00f3n de la ceremonia en el canal de YouTube Andacollo TV.<\/p>\n","protected":false},"excerpt":{"rendered":"<p>La autoridad andacollina realiz\u00f3 un positivo balance de lo realizado en la gesti\u00f3n del per\u00edodo 2020. En un a\u00f1o marcado por la pandemia del Coronavirus, destac\u00f3 el compromiso de la entidad edilicia con la comunidad en los aportes solidario. Adem\u00e1s, destac\u00f3 el cumplimiento de compromisos en infraestructura con la comunidad. El pasado jueves 29 de [&hellip;]<\/p>\n","protected":false},"author":3,"featured_media":0,"comment_status":"open","ping_status":"open","sticky":false,"template":"","format":"standard","meta":{"_acf_changed":false,"footnotes":""},"categories":[1],"tags":[240,405,2925,69],"acf":[],"aioseo_notices":[],"_links":{"self":[{"href":"https:\/\/www.andacolloconectado.cl\/index.php\/wp-json\/wp\/v2\/posts\/11008"}],"collection":[{"href":"https:\/\/www.andacolloconectado.cl\/index.php\/wp-json\/wp\/v2\/posts"}],"about":[{"href":"https:\/\/www.andacolloconectado.cl\/index.php\/wp-json\/wp\/v2\/types\/post"}],"author":[{"embeddable":true,"href":"https:\/\/www.andacolloconectado.cl\/index.php\/wp-json\/wp\/v2\/users\/3"}],"replies":[{"embeddable":true,"href":"https:\/\/www.andacolloconectado.cl\/index.php\/wp-json\/wp\/v2\/comments?post=11008"}],"version-history":[{"count":1,"href":"https:\/\/www.andacolloconectado.cl\/index.php\/wp-json\/wp\/v2\/posts\/11008\/revisions"}],"predecessor-version":[{"id":11010,"href":"https:\/\/www.andacolloconectado.cl\/index.php\/wp-json\/wp\/v2\/posts\/11008\/revisions\/11010"}],"wp:attachment":[{"href":"https:\/\/www.andacolloconectado.cl\/index.php\/wp-json\/wp\/v2\/media?parent=11008"}],"wp:term":[{"taxonomy":"category","embeddable":true,"href":"https:\/\/www.andacolloconectado.cl\/index.php\/wp-json\/wp\/v2\/categories?post=11008"},{"taxonomy":"post_tag","embeddable":true,"href":"https:\/\/www.andacolloconectado.cl\/index.php\/wp-json\/wp\/v2\/tags?post=11008"}],"curies":[{"name":"wp","href":"https:\/\/api.w.org\/{rel}","templated":true}]}}