{"id":11114,"date":"2021-06-02T20:44:27","date_gmt":"2021-06-02T20:44:27","guid":{"rendered":"http:\/\/www.andacolloconectado.cl\/?p=11114"},"modified":"2021-06-02T20:44:27","modified_gmt":"2021-06-02T20:44:27","slug":"vecinos-de-el-molle-seran-beneficiados-con-suministro-de-agua-potable-y-alcantarillado","status":"publish","type":"post","link":"https:\/\/www.andacolloconectado.cl\/index.php\/vecinos-de-el-molle-seran-beneficiados-con-suministro-de-agua-potable-y-alcantarillado\/","title":{"rendered":"Vecinos de El Molle ser\u00e1n beneficiados con suministro de agua potable y alcantarillado"},"content":{"rendered":"<p><em>Gracias al convenio con el municipio andacollino, los comit\u00e9s de vivienda podr\u00e1n regularizar el servicio de agua potable y acceder al alcantarillado en el sector El Molle.<\/em><\/p>\n<p>El comit\u00e9 de vivienda El Molle de Andacollo logr\u00f3 un importante paso, que les permitir\u00e1 regularizar el suministro de agua potable y acceder al sistema de alcantarillado en el mediano plazo, gracias a un convenio firmado entre Aguas del Valle y el municipio local para ampliar el territorio operacional de la sanitaria y llegar con este servicio b\u00e1sico hasta el sector.<\/p>\n<p>\u201cPara Aguas del Valle este convenio es muy importante, pues va en directa l\u00ednea con nuestra misi\u00f3n de apoyar el crecimiento y desarrollo de las comunas en las que prestamos servicio. Los vecinos de El Molle est\u00e1n trabajando desde hace mucho tiempo para contar con agua potable y alcantarillado y estamos muy contentos de firmar este convenio\u201d, dijo el gerente regional de Aguas del Valle, Andr\u00e9s Nazer.<\/p>\n<p>Por su parte, el alcalde de Andacollo, Juan Carlos Alfaro, destac\u00f3 que \u201cpara nosotros es muy importante, porque el sector del Campamento El Molle no estaba dentro de l\u00edmite operacional de la sanitaria. A trav\u00e9s de esta gesti\u00f3n hemos podido ampliar el territorio, ya est\u00e1 listo todo y la gente cuando cumpla con los requisitos se podr\u00e1 conectar a esta red, y obviamente que con esto mejoramos la calidad de vida de los vecinos del sector\u201d.<\/p>\n<p>Finalmente, la presidenta del comit\u00e9 El Molle, Palmenia Pereira, manifest\u00f3 que \u201cyo lo que m\u00e1s quiero es que se regularice el servicio. Es una buena noticia que le va a hacer bien a la comunidad, que cada uno tenga su recibo y as\u00ed saber cu\u00e1nta agua consumieron. Es muy bueno que vayamos a ser clientes de Aguas del Valle\u201d.<\/p>\n","protected":false},"excerpt":{"rendered":"<p>Gracias al convenio con el municipio andacollino, los comit\u00e9s de vivienda podr\u00e1n regularizar el servicio de agua potable y acceder al alcantarillado en el sector El Molle. El comit\u00e9 de vivienda El Molle de Andacollo logr\u00f3 un importante paso, que les permitir\u00e1 regularizar el suministro de agua potable y acceder al sistema de alcantarillado en [&hellip;]<\/p>\n","protected":false},"author":3,"featured_media":0,"comment_status":"open","ping_status":"open","sticky":false,"template":"","format":"standard","meta":{"_acf_changed":false,"footnotes":""},"categories":[1],"tags":[210,209,2975,850,2976],"acf":[],"aioseo_notices":[],"_links":{"self":[{"href":"https:\/\/www.andacolloconectado.cl\/index.php\/wp-json\/wp\/v2\/posts\/11114"}],"collection":[{"href":"https:\/\/www.andacolloconectado.cl\/index.php\/wp-json\/wp\/v2\/posts"}],"about":[{"href":"https:\/\/www.andacolloconectado.cl\/index.php\/wp-json\/wp\/v2\/types\/post"}],"author":[{"embeddable":true,"href":"https:\/\/www.andacolloconectado.cl\/index.php\/wp-json\/wp\/v2\/users\/3"}],"replies":[{"embeddable":true,"href":"https:\/\/www.andacolloconectado.cl\/index.php\/wp-json\/wp\/v2\/comments?post=11114"}],"version-history":[{"count":1,"href":"https:\/\/www.andacolloconectado.cl\/index.php\/wp-json\/wp\/v2\/posts\/11114\/revisions"}],"predecessor-version":[{"id":11116,"href":"https:\/\/www.andacolloconectado.cl\/index.php\/wp-json\/wp\/v2\/posts\/11114\/revisions\/11116"}],"wp:attachment":[{"href":"https:\/\/www.andacolloconectado.cl\/index.php\/wp-json\/wp\/v2\/media?parent=11114"}],"wp:term":[{"taxonomy":"category","embeddable":true,"href":"https:\/\/www.andacolloconectado.cl\/index.php\/wp-json\/wp\/v2\/categories?post=11114"},{"taxonomy":"post_tag","embeddable":true,"href":"https:\/\/www.andacolloconectado.cl\/index.php\/wp-json\/wp\/v2\/tags?post=11114"}],"curies":[{"name":"wp","href":"https:\/\/api.w.org\/{rel}","templated":true}]}}