{"id":11319,"date":"2021-07-23T17:51:38","date_gmt":"2021-07-23T17:51:38","guid":{"rendered":"http:\/\/www.andacolloconectado.cl\/?p=11319"},"modified":"2021-07-23T17:51:38","modified_gmt":"2021-07-23T17:51:38","slug":"establecimientos-educacionales-se-capacitan-con-jornadas-mensuales-para-certificacion-ambiental-2021","status":"publish","type":"post","link":"https:\/\/www.andacolloconectado.cl\/index.php\/establecimientos-educacionales-se-capacitan-con-jornadas-mensuales-para-certificacion-ambiental-2021\/","title":{"rendered":"Establecimientos educacionales se capacitan con jornadas mensuales para certificaci\u00f3n ambiental 2021"},"content":{"rendered":"<p>Con la finalidad de fomentar la educaci\u00f3n ambiental en las comunidades educativas, municipalidades e instituciones p\u00fablicas y privadas, la SEREMI del Medio Ambiente organiz\u00f3 dos talleres del Sistema Nacional de Certificaci\u00f3n Ambiental de Establecimientos Educacionales (SNCAE) del Ministerio del Medio Ambiente. La jornada virtual cont\u00f3 con la participaci\u00f3n de diversas instituciones p\u00fablicas, coordinadas a trav\u00e9s de la Mesa de Educaci\u00f3n para la Sustentabilidad (Mesa EDS).<\/p>\n<p>En la actividad participaron alrededor de 60 equipos t\u00e9cnicos y educadores, desde la educaci\u00f3n parvularia hasta la educaci\u00f3n media, de las tres provincias de la Regi\u00f3n de Coquimbo, quienes asistieron a las capacitaciones online del SNCAE, con el objetivo de certificarse ambientalmente por primera vez o revalidar su reconocimiento, para as\u00ed impulsar la educaci\u00f3n ambiental en todo el quehacer educativo.<\/p>\n<p>Al respecto, la Seremi del Medio Ambiente, Claudia Rivera Rojas se\u00f1al\u00f3 que \u201cla educaci\u00f3n ambiental es fundamental para hacer frente a los problemas globales que enfrentamos hoy. Con el SNCAE buscamos aportar a la educaci\u00f3n de ni\u00f1os, ni\u00f1as y j\u00f3venes, especialmente, a trav\u00e9s del contacto con la naturaleza, aportando a su desarrollo integral como personas. En este sentido, destacamos el esfuerzo y compromiso de los educadores que est\u00e1n participando en los talleres del SNCAE, pese a las dificultades que han tenido que afrontar a causa de esta pandemia\u201d.<\/p>\n<p>Explic\u00f3 adem\u00e1s que \u201cen estos \u00faltimos a\u00f1os, la conciencia ambiental ha ido en aumento al interior de las comunidades educativas, encontramos as\u00ed establecimientos educacionales con nuevas e innovadoras propuestas pedag\u00f3gicas, que asocian problem\u00e1ticas ambientales, tales como el cambio clim\u00e1tico, a las realidades locales, donde la empat\u00eda, el respeto, la solidaridad, constituyen valores fundamentales para ayudarnos a vivir en armon\u00eda como comunidad, transformando as\u00ed nuestro entorno en un lugar mucho mejor\u201d.<\/p>\n<p>En la oportunidad, impartida por profesionales de las SEREMIS de Educaci\u00f3n, Medio Ambiente, CONAF y JUNJI, se precis\u00f3 que este a\u00f1o 2021 el proceso SNCAE se desarrollar\u00e1 en base a una matriz \u00fanica y simplificada, acorde a la priorizaci\u00f3n curricular que ha impulsado el MINEDUC. Esta Matriz Ambiental Priorizada regir\u00e1 para todos los niveles y modalidades educativas para alcanzar la certificaci\u00f3n, independiente de las circunstancias que la situaci\u00f3n sanitaria establezca a lo largo del pa\u00eds, valorando adem\u00e1s la participaci\u00f3n y trabajo de las familias en la modalidad de educaci\u00f3n a distancia.<\/p>\n<p><strong>Comit\u00e9 Regional SNCAE<\/strong><\/p>\n<p>Est\u00e1 integrado por la Direcci\u00f3n General de Aguas (DGA), la Corporaci\u00f3n Nacional Forestal (CONAF), SEREMI de Educaci\u00f3n, la Junta Nacional de Jardines Infantiles (JUNJI) y la SEREMI del Medio Ambiente, que cumple el rol de secretaria t\u00e9cnica del Comit\u00e9 SNCAE. Su objetivo es coordinar y evaluar los expedientes de certificaci\u00f3n ambiental para su posterior certificaci\u00f3n, junto con acompa\u00f1ar durante el proceso de reconocimiento por medio de capacitaciones, jornadas y talleres.<\/p>\n<p>El Comit\u00e9 Regional SNCAE mantendr\u00e1 las jornadas mensuales de capacitaci\u00f3n y acompa\u00f1amiento, para ir profundizando en los indicadores que abarca el proceso de certificaci\u00f3n ambiental. Para mayor informaci\u00f3n se invita a los educadores a ingresar a <a href=\"https:\/\/educacion.mma.gob.cl\/\">https:\/\/educacion.mma.gob.cl\/<\/a><\/p>\n","protected":false},"excerpt":{"rendered":"<p>Con la finalidad de fomentar la educaci\u00f3n ambiental en las comunidades educativas, municipalidades e instituciones p\u00fablicas y privadas, la SEREMI del Medio Ambiente organiz\u00f3 dos talleres del Sistema Nacional de Certificaci\u00f3n Ambiental de Establecimientos Educacionales (SNCAE) del Ministerio del Medio Ambiente. La jornada virtual cont\u00f3 con la participaci\u00f3n de diversas instituciones p\u00fablicas, coordinadas a trav\u00e9s [&hellip;]<\/p>\n","protected":false},"author":3,"featured_media":0,"comment_status":"open","ping_status":"open","sticky":false,"template":"","format":"standard","meta":{"_acf_changed":false,"footnotes":""},"categories":[1],"tags":[3056,3057,3059,3058,999],"acf":[],"aioseo_notices":[],"_links":{"self":[{"href":"https:\/\/www.andacolloconectado.cl\/index.php\/wp-json\/wp\/v2\/posts\/11319"}],"collection":[{"href":"https:\/\/www.andacolloconectado.cl\/index.php\/wp-json\/wp\/v2\/posts"}],"about":[{"href":"https:\/\/www.andacolloconectado.cl\/index.php\/wp-json\/wp\/v2\/types\/post"}],"author":[{"embeddable":true,"href":"https:\/\/www.andacolloconectado.cl\/index.php\/wp-json\/wp\/v2\/users\/3"}],"replies":[{"embeddable":true,"href":"https:\/\/www.andacolloconectado.cl\/index.php\/wp-json\/wp\/v2\/comments?post=11319"}],"version-history":[{"count":1,"href":"https:\/\/www.andacolloconectado.cl\/index.php\/wp-json\/wp\/v2\/posts\/11319\/revisions"}],"predecessor-version":[{"id":11323,"href":"https:\/\/www.andacolloconectado.cl\/index.php\/wp-json\/wp\/v2\/posts\/11319\/revisions\/11323"}],"wp:attachment":[{"href":"https:\/\/www.andacolloconectado.cl\/index.php\/wp-json\/wp\/v2\/media?parent=11319"}],"wp:term":[{"taxonomy":"category","embeddable":true,"href":"https:\/\/www.andacolloconectado.cl\/index.php\/wp-json\/wp\/v2\/categories?post=11319"},{"taxonomy":"post_tag","embeddable":true,"href":"https:\/\/www.andacolloconectado.cl\/index.php\/wp-json\/wp\/v2\/tags?post=11319"}],"curies":[{"name":"wp","href":"https:\/\/api.w.org\/{rel}","templated":true}]}}