{"id":11531,"date":"2021-09-08T20:41:15","date_gmt":"2021-09-08T20:41:15","guid":{"rendered":"http:\/\/www.andacolloconectado.cl\/?p=11531"},"modified":"2021-09-08T20:41:15","modified_gmt":"2021-09-08T20:41:15","slug":"ya-esta-al-aire-radio-fm-de-teck-carmen-de-andacollo","status":"publish","type":"post","link":"https:\/\/www.andacolloconectado.cl\/index.php\/ya-esta-al-aire-radio-fm-de-teck-carmen-de-andacollo\/","title":{"rendered":"Ya est\u00e1 al aire radio FM de Teck Carmen de Andacollo"},"content":{"rendered":"<p><strong><em>Somos de Andacollo<\/em><\/strong><strong> es la apuesta de la compa\u00f1\u00eda para fortalecer la comunicaci\u00f3n con sus trabajadores, trabajadoras y colaboradores a trav\u00e9s de una programaci\u00f3n entretenida y centrada en los valores de Teck. Al ser una se\u00f1al FM, tambi\u00e9n la comunidad podr\u00e1 disfrutar de los contenidos de este nuevo medio de comunicaci\u00f3n.<\/strong><\/p>\n<p>&nbsp;<\/p>\n<p><strong>Andacollo. &#8211;<\/strong> Un medio de comunicaci\u00f3n interno, pero con alcance externo y visi\u00f3n comunitaria es como se define Radio Somos de Andacollo, 102.5 FM, nuevo medio de comunicaci\u00f3n de Teck Carmen de Andacollo (CDA) que comienza oficialmente su transmisi\u00f3n p\u00fablica en la comuna de Andacollo y alrededores.<\/p>\n<p>&nbsp;<\/p>\n<p>La radio nace como una alternativa para informar de manera oportuna y directa sobre las diversas iniciativas que impulsa Teck CDA y entretener con la m\u00e1s variada parrilla musical la que, adem\u00e1s, se configura como una vitrina para potenciar artistas locales.<\/p>\n<p>&nbsp;<\/p>\n<p>Respecto del lanzamiento de este nuevo medio de comunicaci\u00f3n, el gerente general de Teck CDA, Manuel Novoa, indic\u00f3 que \u201cnos enorgullece ser la primera empresa minera de la Regi\u00f3n de Coquimbo en desarrollar una experiencia de este tipo; una radio abierta, con contenidos enfocados en la gesti\u00f3n personas, operaci\u00f3n, seguridad y salud, medio ambiente, pero con una visi\u00f3n comunitaria. Sin duda estamos felices y expectantes con este hito que marcamos como compa\u00f1\u00eda, pues nos permite estrechar lazos con nuestro personal y tambi\u00e9n con la propia comunidad de Andacollo\u201d.<\/p>\n<p>&nbsp;<\/p>\n<p>Adem\u00e1s de la se\u00f1al FM, el p\u00fablico podr\u00e1 disfrutar de la versi\u00f3n online disponible en <a href=\"http:\/\/www.somosdeandacollo.cl\">www.somosdeandacollo.cl<\/a>. En esta \u00faltima, tambi\u00e9n se podr\u00e1n programar pedidos musicales y acceder diferentes ediciones del programa En Buena Ley, entre otros contenidos de inter\u00e9s.<\/p>\n<p>&nbsp;<\/p>\n<p>La radio posee cobertura en toda la Cuesta San Antonio (ruta D-51) y hasta la Ruta D-43 con el sector de La Cantera, en la comuna de Coquimbo, lo permite acompa\u00f1ar y hacer los viajes desde y hacia Andacollo m\u00e1s entretenidos.<\/p>\n","protected":false},"excerpt":{"rendered":"<p>Somos de Andacollo es la apuesta de la compa\u00f1\u00eda para fortalecer la comunicaci\u00f3n con sus trabajadores, trabajadoras y colaboradores a trav\u00e9s de una programaci\u00f3n entretenida y centrada en los valores de Teck. Al ser una se\u00f1al FM, tambi\u00e9n la comunidad podr\u00e1 disfrutar de los contenidos de este nuevo medio de comunicaci\u00f3n. &nbsp; Andacollo. &#8211; Un [&hellip;]<\/p>\n","protected":false},"author":3,"featured_media":0,"comment_status":"open","ping_status":"open","sticky":false,"template":"","format":"standard","meta":{"_acf_changed":false,"footnotes":""},"categories":[1],"tags":[3150,3148,3149],"acf":[],"aioseo_notices":[],"_links":{"self":[{"href":"https:\/\/www.andacolloconectado.cl\/index.php\/wp-json\/wp\/v2\/posts\/11531"}],"collection":[{"href":"https:\/\/www.andacolloconectado.cl\/index.php\/wp-json\/wp\/v2\/posts"}],"about":[{"href":"https:\/\/www.andacolloconectado.cl\/index.php\/wp-json\/wp\/v2\/types\/post"}],"author":[{"embeddable":true,"href":"https:\/\/www.andacolloconectado.cl\/index.php\/wp-json\/wp\/v2\/users\/3"}],"replies":[{"embeddable":true,"href":"https:\/\/www.andacolloconectado.cl\/index.php\/wp-json\/wp\/v2\/comments?post=11531"}],"version-history":[{"count":1,"href":"https:\/\/www.andacolloconectado.cl\/index.php\/wp-json\/wp\/v2\/posts\/11531\/revisions"}],"predecessor-version":[{"id":11534,"href":"https:\/\/www.andacolloconectado.cl\/index.php\/wp-json\/wp\/v2\/posts\/11531\/revisions\/11534"}],"wp:attachment":[{"href":"https:\/\/www.andacolloconectado.cl\/index.php\/wp-json\/wp\/v2\/media?parent=11531"}],"wp:term":[{"taxonomy":"category","embeddable":true,"href":"https:\/\/www.andacolloconectado.cl\/index.php\/wp-json\/wp\/v2\/categories?post=11531"},{"taxonomy":"post_tag","embeddable":true,"href":"https:\/\/www.andacolloconectado.cl\/index.php\/wp-json\/wp\/v2\/tags?post=11531"}],"curies":[{"name":"wp","href":"https:\/\/api.w.org\/{rel}","templated":true}]}}