{"id":11573,"date":"2021-09-15T18:37:26","date_gmt":"2021-09-15T18:37:26","guid":{"rendered":"http:\/\/www.andacolloconectado.cl\/?p=11573"},"modified":"2021-09-15T21:55:00","modified_gmt":"2021-09-15T21:55:00","slug":"11573","status":"publish","type":"post","link":"https:\/\/www.andacolloconectado.cl\/index.php\/11573\/","title":{"rendered":"Grupo Cielo conmemora sus 23 a\u00f1os de vida art\u00edstica inspirados en Andacollo y su gente"},"content":{"rendered":"<p>Un 13 de septiembre de 1998, se presentan por primera vez en la Plaza de Armas de Andacollo, un grupo de m\u00fasicos amigos y compa\u00f1eros del mismo barrio, quienes iniciaban un largo camino de creaci\u00f3n, rescate patrimonial y musical del pueblo andacollino.<\/p>\n<p>\u201c<a href=\"https:\/\/www.facebook.com\/grupo.cielo\">Grupo Cielo<\/a>\u201d crea, desarrolla y transmite m\u00fasica del neofolklore para plasmar en sus letras y melod\u00edas; la identidad de un Andacollo profundo, mediante la ejecuci\u00f3n de diferentes instrumentos, tanto aut\u00f3ctonos como for\u00e1neos. Se han inspirado en la realidad contempor\u00e1nea, la identidad de nuestro pueblo, sus sue\u00f1os, dolores y alegr\u00edas<\/p>\n<p>Sus integrantes comenzaron en la senda de la m\u00fasica desde la infancia y la oportunidad de crecer y estudiar juntos en un mismo barrio, les permiti\u00f3 su consolidaci\u00f3n como grupo, durante todos estos a\u00f1os.<\/p>\n<p>Durante estos 23 a\u00f1os han realizado una \u00a0constante renovaci\u00f3n que ha permitido que su m\u00fasica trascienda las fronteras de lo altipl\u00e1nico, incursionando en nuevas melod\u00edas y ritmos.<\/p>\n<p>Su primer disco es \u201cCanci\u00f3n de Origen\u201d, el cual, ha tenido un gran recibimiento por parte del p\u00fablico oyente. Actualmente, Grupo Cielo es miembro activo de la Agrupaci\u00f3n social y cultural \u201cCanto y Vida\u201d, adem\u00e1s de formar parte de la Uni\u00f3n Comunal de la Cultura, promoviendo as\u00ed m\u00faltiples proyectos y movimientos sociales dentro de la comuna y la regi\u00f3n.<\/p>\n<p>Sus integrantes actuales son:<\/p>\n<p>Javier Carmona V\u00e9liz: director musical<\/p>\n<p>Claudio D\u00edaz Cort\u00e9s: aer\u00f3fonos y arreglos<\/p>\n<p>Ronny Carmona Bugue\u00f1o: percusi\u00f3n mayor<\/p>\n<p>H\u00e9ctor Cuello Espinoza: bajo, bronces y arreglos<\/p>\n<p>Enrique P\u00e9rez Aguirre: guitarra el\u00e9ctrica<\/p>\n<p>Pablo Gonz\u00e1lez Far\u00edas: charango<\/p>\n<p>Jorge L\u00f3pez Vega: voz y guitarra<\/p>\n<p>Mois\u00e9s Toledo Milla: bajo y trompeta<\/p>\n<p>Para poder escuchar y disfrutar de sus creaciones, puedes seguirlos en sus redes sociales de <a href=\"https:\/\/www.facebook.com\/grupo.cielo\">Facebook <\/a>o\u00a0 en su <a href=\"https:\/\/m.youtube.com\/channel\/UCtNDouixI57ShOsYClCuoRA\">canal de youtube<\/a>:<\/p>\n<p><a href=\"https:\/\/www.youtube.com\/watch?v=VHrflDQfdKw\">Grupo Cielo &#8211; Vibraciones Locales Observatorio Collowara<\/a><\/p>\n<p>&nbsp;<\/p>\n<p>&nbsp;<\/p>\n","protected":false},"excerpt":{"rendered":"<p>Un 13 de septiembre de 1998, se presentan por primera vez en la Plaza de Armas de Andacollo, un grupo de m\u00fasicos amigos y compa\u00f1eros del mismo barrio, quienes iniciaban un largo camino de creaci\u00f3n, rescate patrimonial y musical del pueblo andacollino. \u201cGrupo Cielo\u201d crea, desarrolla y transmite m\u00fasica del neofolklore para plasmar en sus [&hellip;]<\/p>\n","protected":false},"author":3,"featured_media":0,"comment_status":"open","ping_status":"open","sticky":false,"template":"","format":"standard","meta":{"_acf_changed":false,"footnotes":""},"categories":[1],"tags":[772,3169,1187],"acf":[],"aioseo_notices":[],"_links":{"self":[{"href":"https:\/\/www.andacolloconectado.cl\/index.php\/wp-json\/wp\/v2\/posts\/11573"}],"collection":[{"href":"https:\/\/www.andacolloconectado.cl\/index.php\/wp-json\/wp\/v2\/posts"}],"about":[{"href":"https:\/\/www.andacolloconectado.cl\/index.php\/wp-json\/wp\/v2\/types\/post"}],"author":[{"embeddable":true,"href":"https:\/\/www.andacolloconectado.cl\/index.php\/wp-json\/wp\/v2\/users\/3"}],"replies":[{"embeddable":true,"href":"https:\/\/www.andacolloconectado.cl\/index.php\/wp-json\/wp\/v2\/comments?post=11573"}],"version-history":[{"count":7,"href":"https:\/\/www.andacolloconectado.cl\/index.php\/wp-json\/wp\/v2\/posts\/11573\/revisions"}],"predecessor-version":[{"id":11582,"href":"https:\/\/www.andacolloconectado.cl\/index.php\/wp-json\/wp\/v2\/posts\/11573\/revisions\/11582"}],"wp:attachment":[{"href":"https:\/\/www.andacolloconectado.cl\/index.php\/wp-json\/wp\/v2\/media?parent=11573"}],"wp:term":[{"taxonomy":"category","embeddable":true,"href":"https:\/\/www.andacolloconectado.cl\/index.php\/wp-json\/wp\/v2\/categories?post=11573"},{"taxonomy":"post_tag","embeddable":true,"href":"https:\/\/www.andacolloconectado.cl\/index.php\/wp-json\/wp\/v2\/tags?post=11573"}],"curies":[{"name":"wp","href":"https:\/\/api.w.org\/{rel}","templated":true}]}}