{"id":11827,"date":"2021-11-09T16:54:19","date_gmt":"2021-11-09T16:54:19","guid":{"rendered":"http:\/\/www.andacolloconectado.cl\/?p=11827"},"modified":"2021-11-09T16:54:19","modified_gmt":"2021-11-09T16:54:19","slug":"colegio-nta-sra-del-rosario-conmemoro-su-16-aniversario","status":"publish","type":"post","link":"https:\/\/www.andacolloconectado.cl\/index.php\/colegio-nta-sra-del-rosario-conmemoro-su-16-aniversario\/","title":{"rendered":"Colegio Nta. Sra del Rosario conmemor\u00f3 su 16\u00b0 aniversario"},"content":{"rendered":"<p>La semana pasada la comunidad educativa del\u00a0 Colegio Nuestra\u00a0 Se\u00f1ora del\u00a0 Rosario (CNSR) conmemor\u00f3 el\u00a0 16\u00b0 aniversario de\u00a0 fundaci\u00f3n de dicho establecimiento de ense\u00f1anza b\u00e1sica.<\/p>\n<p>Las actividades de celebraci\u00f3n incluyeron competencias recreativas de alianzas, culminando con un acto de premiaci\u00f3n y\u00a0 presentaciones art\u00edsticas de los alumnos en la\u00a0 multicancha del colegio.<\/p>\n<p>El director del CNSR, Patricio Abdala, se\u00f1al\u00f3 que est\u00e1n trabajando para\u00a0 materializar sus planes pedag\u00f3gicos que esperan los lleve a finales del 2023 a convertirse en el mejor colegio de la\u00a0 comuna.<\/p>\n<p>Para lograr su meta, el\u00a0 docente explic\u00f3 que ya han puesto en marcha varios proyectos para mejorar la lectura y\u00a0 comprensi\u00f3n de textos. A la vez est\u00e1n en proceso de planificaci\u00f3n curricular para el\u00a0 pr\u00f3ximo a\u00f1o, lo que implicar\u00e1 retomar y\u00a0 poner al d\u00eda los contenidos de cada subsector. Adem\u00e1s se impulsar\u00e1n los talleres deportivos para aprovechar al m\u00e1ximo la\u00a0 nueva infraestructura de la cancha\u00a0 techada, entregando as\u00ed una formaci\u00f3n de desarrollo integral a ni\u00f1as y\u00a0 ni\u00f1os.<\/p>\n<p>El\u00a0 director, respecto a las remodelaciones que se est\u00e1n ejecutando\u00a0 a\u00f1adi\u00f3 que \u201ces un proyecto que tienen dos colegios a nivel nacional,\u00a0 es muy\u00a0 moderno con mucha\u00a0 tecnolog\u00eda estamos contentos porque varios colegios postularon y lo\u00a0 ganamos\u00a0 nosotros. Consiste en aislaci\u00f3n t\u00e9rmica y ac\u00fastica\u00a0 tambi\u00e9n con rotaci\u00f3n de aire para poder cerrar las aulas, estas obras\u00a0 tienen que ver con nuestras metas pedag\u00f3gicas para que nuestros estudiantes tengan mejores condiciones y que ellos sientan que estar\u00e1n con lo mejor\u201d.<\/p>\n<p>Finalmente, Abdala destac\u00f3 que otro avance que est\u00e1\u00a0 realiz\u00e1ndose por inversi\u00f3n del Servicio Local de Educaci\u00f3n P\u00fablica Puerto Cordillera es el\u00a0 cambio\u00a0 de pintura exterior de todo el establecimiento y\u00a0 la renovaci\u00f3n de mobiliario.<\/p>\n","protected":false},"excerpt":{"rendered":"<p>La semana pasada la comunidad educativa del\u00a0 Colegio Nuestra\u00a0 Se\u00f1ora del\u00a0 Rosario (CNSR) conmemor\u00f3 el\u00a0 16\u00b0 aniversario de\u00a0 fundaci\u00f3n de dicho establecimiento de ense\u00f1anza b\u00e1sica. Las actividades de celebraci\u00f3n incluyeron competencias recreativas de alianzas, culminando con un acto de premiaci\u00f3n y\u00a0 presentaciones art\u00edsticas de los alumnos en la\u00a0 multicancha del colegio. El director del CNSR, [&hellip;]<\/p>\n","protected":false},"author":3,"featured_media":0,"comment_status":"open","ping_status":"open","sticky":false,"template":"","format":"standard","meta":{"_acf_changed":false,"footnotes":""},"categories":[1],"tags":[3260,2199],"acf":[],"aioseo_notices":[],"_links":{"self":[{"href":"https:\/\/www.andacolloconectado.cl\/index.php\/wp-json\/wp\/v2\/posts\/11827"}],"collection":[{"href":"https:\/\/www.andacolloconectado.cl\/index.php\/wp-json\/wp\/v2\/posts"}],"about":[{"href":"https:\/\/www.andacolloconectado.cl\/index.php\/wp-json\/wp\/v2\/types\/post"}],"author":[{"embeddable":true,"href":"https:\/\/www.andacolloconectado.cl\/index.php\/wp-json\/wp\/v2\/users\/3"}],"replies":[{"embeddable":true,"href":"https:\/\/www.andacolloconectado.cl\/index.php\/wp-json\/wp\/v2\/comments?post=11827"}],"version-history":[{"count":1,"href":"https:\/\/www.andacolloconectado.cl\/index.php\/wp-json\/wp\/v2\/posts\/11827\/revisions"}],"predecessor-version":[{"id":11829,"href":"https:\/\/www.andacolloconectado.cl\/index.php\/wp-json\/wp\/v2\/posts\/11827\/revisions\/11829"}],"wp:attachment":[{"href":"https:\/\/www.andacolloconectado.cl\/index.php\/wp-json\/wp\/v2\/media?parent=11827"}],"wp:term":[{"taxonomy":"category","embeddable":true,"href":"https:\/\/www.andacolloconectado.cl\/index.php\/wp-json\/wp\/v2\/categories?post=11827"},{"taxonomy":"post_tag","embeddable":true,"href":"https:\/\/www.andacolloconectado.cl\/index.php\/wp-json\/wp\/v2\/tags?post=11827"}],"curies":[{"name":"wp","href":"https:\/\/api.w.org\/{rel}","templated":true}]}}