{"id":11849,"date":"2021-11-15T17:40:31","date_gmt":"2021-11-15T17:40:31","guid":{"rendered":"http:\/\/www.andacolloconectado.cl\/?p=11849"},"modified":"2021-11-15T17:40:48","modified_gmt":"2021-11-15T17:40:48","slug":"pedro-bordones-artista-y-emprendedor-que-sorprende-a-los-visitantes-con-sus-creaciones-inspiradas-en-andacollo","status":"publish","type":"post","link":"https:\/\/www.andacolloconectado.cl\/index.php\/pedro-bordones-artista-y-emprendedor-que-sorprende-a-los-visitantes-con-sus-creaciones-inspiradas-en-andacollo\/","title":{"rendered":"Pedro Bordones, artista y emprendedor que sorprende a los visitantes con sus creaciones inspiradas en Andacollo"},"content":{"rendered":"<p>Pedro Bordones es un artista andacollino con vasta trayectoria, que ha destacado por\u00a0 sus pinturas y murales. Integrante de la Uni\u00f3n Comunal de la Cultura ha llevado sus creaciones a distintas exposiciones en representaci\u00f3n de nuestra ciudad.<\/p>\n<p>Ahora, ha\u00a0 conjugado su talento y su esp\u00edritu de emprendimiento a trav\u00e9s de una propuesta novedosa en la que ofrece a los\u00a0 peregrinos y turistas, recuerdos y suvenires de Andacollo elaborados por \u00e9l.<\/p>\n<p>Estos productos son inspirados en los paisajes t\u00edpicos de Andacollo y en actividades tradicionales como el oficio del pirquinero, los trapiches o la elaboraci\u00f3n de pan en hornos de barro.<\/p>\n<p>Pedro explic\u00f3 que \u201ctodo es confeccionado por m\u00ed con t\u00e9cnica de tramado, todos los dibujos son creaci\u00f3n m\u00eda, no est\u00e1n sacados de otra parte es en base a la creatividad y al conocimiento de lo que uno ha visto\u201d.<\/p>\n<p>Cabe se\u00f1alar que entre los art\u00edculos confeccionado por \u00e9l, hay cuadros decorativos, adhesivos para refrigeradores, portallaves, etc. Su contacto es +56940403508 y los domingos los visitantes pueden apreciar sus creaciones art\u00edsticas en la Plaza Videla.<\/p>\n","protected":false},"excerpt":{"rendered":"<p>Pedro Bordones es un artista andacollino con vasta trayectoria, que ha destacado por\u00a0 sus pinturas y murales. Integrante de la Uni\u00f3n Comunal de la Cultura ha llevado sus creaciones a distintas exposiciones en representaci\u00f3n de nuestra ciudad. Ahora, ha\u00a0 conjugado su talento y su esp\u00edritu de emprendimiento a trav\u00e9s de una propuesta novedosa en la [&hellip;]<\/p>\n","protected":false},"author":3,"featured_media":0,"comment_status":"open","ping_status":"open","sticky":false,"template":"","format":"standard","meta":{"_acf_changed":false,"footnotes":""},"categories":[1],"tags":[772,3266,608],"acf":[],"aioseo_notices":[],"_links":{"self":[{"href":"https:\/\/www.andacolloconectado.cl\/index.php\/wp-json\/wp\/v2\/posts\/11849"}],"collection":[{"href":"https:\/\/www.andacolloconectado.cl\/index.php\/wp-json\/wp\/v2\/posts"}],"about":[{"href":"https:\/\/www.andacolloconectado.cl\/index.php\/wp-json\/wp\/v2\/types\/post"}],"author":[{"embeddable":true,"href":"https:\/\/www.andacolloconectado.cl\/index.php\/wp-json\/wp\/v2\/users\/3"}],"replies":[{"embeddable":true,"href":"https:\/\/www.andacolloconectado.cl\/index.php\/wp-json\/wp\/v2\/comments?post=11849"}],"version-history":[{"count":1,"href":"https:\/\/www.andacolloconectado.cl\/index.php\/wp-json\/wp\/v2\/posts\/11849\/revisions"}],"predecessor-version":[{"id":11851,"href":"https:\/\/www.andacolloconectado.cl\/index.php\/wp-json\/wp\/v2\/posts\/11849\/revisions\/11851"}],"wp:attachment":[{"href":"https:\/\/www.andacolloconectado.cl\/index.php\/wp-json\/wp\/v2\/media?parent=11849"}],"wp:term":[{"taxonomy":"category","embeddable":true,"href":"https:\/\/www.andacolloconectado.cl\/index.php\/wp-json\/wp\/v2\/categories?post=11849"},{"taxonomy":"post_tag","embeddable":true,"href":"https:\/\/www.andacolloconectado.cl\/index.php\/wp-json\/wp\/v2\/tags?post=11849"}],"curies":[{"name":"wp","href":"https:\/\/api.w.org\/{rel}","templated":true}]}}