{"id":11865,"date":"2021-11-18T20:33:36","date_gmt":"2021-11-18T20:33:36","guid":{"rendered":"http:\/\/www.andacolloconectado.cl\/?p=11865"},"modified":"2021-11-18T20:40:04","modified_gmt":"2021-11-18T20:40:04","slug":"26-y-27-de-noviembre-seran-las-votaciones-de-los-proyectos-comunidad-andacollina-teck-cat-2021","status":"publish","type":"post","link":"https:\/\/www.andacolloconectado.cl\/index.php\/26-y-27-de-noviembre-seran-las-votaciones-de-los-proyectos-comunidad-andacollina-teck-cat-2021\/","title":{"rendered":"26 y 27 de noviembre ser\u00e1n las votaciones de los Proyectos Comunidad Andacollina Teck (CAT) 2021"},"content":{"rendered":"<p><strong><em>En esta votaci\u00f3n ciudadana solo podr\u00e1n participar mayores de 18 a\u00f1os que se encuentren inscritos en el padr\u00f3n electoral de SERVEL de la comuna de Andacollo. Este a\u00f1o se seleccionar\u00e1n proyectos tem\u00e1ticos y emblem\u00e1ticos, por lo tanto, cada persona podr\u00e1 votar por uno de cada categor\u00eda<\/em><\/strong><\/p>\n<p>&nbsp;<\/p>\n<p><strong>Andacollo.-<\/strong> El proceso de selecci\u00f3n de los Proyectos de la Comunidad Andacollina Teck (CAT) 2021 ingresa a su recta final y, como novedad, este a\u00f1o no ser\u00e1n los miembros de la Mesa CAT quienes tengan la misi\u00f3n de elegir los seleccionados, sino que ser\u00e1 la misma comunidad, a trav\u00e9s de una votaci\u00f3n popular, quienes escojan las iniciativas que ser\u00e1n beneficiadas.<\/p>\n<p>&nbsp;<\/p>\n<p>Las votaciones se realizar\u00e1n en un formato mixto; los d\u00edas 26 y 27 de noviembre v\u00eda online en la p\u00e1gina <a href=\"http:\/\/www.proyectoscat.cl\">www.proyectoscat.cl<\/a> y de manera presencial s\u00f3lo el s\u00e1bado 27 en la Casa del Encuentro Ciudadano de Andacollo de 09:00 a 17:00 hrs. En La Caldera y El Manzano, en las sedes comunitarias de 09:00 a 13:00 hrs.<\/p>\n<p>&nbsp;<\/p>\n<p>En este proceso participar\u00e1n aquellos proyectos que superaron satisfactoriamente la etapa de evaluaci\u00f3n t\u00e9cnica y preselecci\u00f3n de la Mesa CAT, resultando un total de 47 iniciativas preseleccionadas; 4 correspondientes al eje emblem\u00e1tico y 43 a los ejes tem\u00e1ticos.<\/p>\n<p>&nbsp;<\/p>\n<!--[if lt IE 9]><script>document.createElement('audio');<\/script><![endif]-->\n<audio class=\"wp-audio-shortcode\" id=\"audio-11865-1\" preload=\"none\" style=\"width: 100%;\" controls=\"controls\"><source type=\"audio\/mpeg\" src=\"http:\/\/www.andacolloconectado.cl\/wp-content\/uploads\/2021\/11\/VOTACION-PROYECTOS-CAT-26-y-27-NOV.mp3?_=1\" \/><a href=\"http:\/\/www.andacolloconectado.cl\/wp-content\/uploads\/2021\/11\/VOTACION-PROYECTOS-CAT-26-y-27-NOV.mp3\">http:\/\/www.andacolloconectado.cl\/wp-content\/uploads\/2021\/11\/VOTACION-PROYECTOS-CAT-26-y-27-NOV.mp3<\/a><\/audio>\n<p>&nbsp;<\/p>\n<p>Los proyectos seleccionados son:<\/p>\n<p><strong>\u00a0<\/strong><\/p>\n<table style=\"height: 309px;\" width=\"659\">\n<tbody>\n<tr>\n<td colspan=\"2\" width=\"617\"><strong>PROYECTOS EJE EMBLEM\u00c1TICO<\/strong><\/td>\n<td width=\"10\"><\/td>\n<td width=\"0\"><\/td>\n<\/tr>\n<tr>\n<td width=\"316\"><strong>NOMBRE PROYECTO<\/strong><\/td>\n<td width=\"301\"><strong>ORGANIZACI\u00d3N<\/strong><\/td>\n<td width=\"10\"><\/td>\n<td width=\"0\"><\/td>\n<\/tr>\n<tr>\n<td rowspan=\"2\" width=\"316\">En el campo y la ciudad Bomberos de Andacollo te ayudar\u00e1&#8230;<\/td>\n<td rowspan=\"2\" width=\"301\">Cuerpo de Bomberos de Andacollo<\/td>\n<td width=\"10\"><\/td>\n<td width=\"0\"><\/td>\n<\/tr>\n<tr>\n<td width=\"10\"><\/td>\n<td width=\"0\"><\/td>\n<\/tr>\n<tr>\n<td rowspan=\"2\" width=\"316\">Dise\u00f1o para Proyectos de Agua Potable y Alcantarillado, Comuna de Andacollo<\/td>\n<td rowspan=\"2\" width=\"301\">Uni\u00f3n Comunal de Juntas de Vecinos de Andacollo<\/td>\n<td width=\"10\"><\/td>\n<td width=\"0\"><\/td>\n<\/tr>\n<tr>\n<td width=\"10\"><\/td>\n<td width=\"0\"><\/td>\n<\/tr>\n<tr>\n<td rowspan=\"2\" width=\"316\">Dise\u00f1o Plan Maestro Ruta del Peregrino<\/td>\n<td rowspan=\"2\" width=\"301\">Agrupaci\u00f3n de Desarrollo Campesino La Cortadera de Andacollo<\/td>\n<td width=\"10\"><\/td>\n<td width=\"0\"><\/td>\n<\/tr>\n<tr>\n<td width=\"10\"><\/td>\n<td width=\"0\"><\/td>\n<\/tr>\n<tr>\n<td rowspan=\"2\" width=\"316\">Normalizaci\u00f3n Centro Educativo Andacollo<\/td>\n<td rowspan=\"2\" width=\"301\">Centro de Padres y Apoderados de la Escuela Luis Cruz Mart\u00ednez<\/td>\n<td width=\"10\"><\/td>\n<td width=\"0\"><\/td>\n<\/tr>\n<tr>\n<td width=\"10\"><\/td>\n<td width=\"0\"><\/td>\n<\/tr>\n<\/tbody>\n<\/table>\n<p>&nbsp;<\/p>\n<p>&nbsp;<\/p>\n<p>&nbsp;<\/p>\n<table style=\"height: 679px;\" width=\"647\">\n<tbody>\n<tr>\n<td colspan=\"2\" width=\"619\"><strong>PROYECTOS EJES TEM\u00c1TICOS<\/strong><\/td>\n<td width=\"10\"><\/td>\n<td width=\"0\"><\/td>\n<\/tr>\n<tr>\n<td colspan=\"2\" width=\"619\"><strong>Econ\u00f3mico Productivo<\/strong><\/td>\n<td width=\"10\"><\/td>\n<td width=\"0\"><\/td>\n<\/tr>\n<tr>\n<td width=\"316\"><strong>NOMBRE PROYECTO<\/strong><\/td>\n<td width=\"303\"><strong>ORGANIZACI\u00d3N<\/strong><\/td>\n<td width=\"10\"><\/td>\n<td width=\"0\"><\/td>\n<\/tr>\n<tr>\n<td rowspan=\"2\" width=\"316\">Adquisici\u00f3n de Equipamiento para procesos productivos<\/td>\n<td rowspan=\"2\" width=\"303\">Agrupaci\u00f3n Social de Mineros Pirquineros Informales Andacollo Fuerza y Esperanza<\/td>\n<td width=\"10\"><\/td>\n<td width=\"0\"><\/td>\n<\/tr>\n<tr>\n<td width=\"10\"><\/td>\n<td width=\"0\"><\/td>\n<\/tr>\n<tr>\n<td rowspan=\"2\" width=\"316\">Redescubriendo el Andacollo Ind\u00edgena<\/td>\n<td rowspan=\"2\" width=\"303\">Agrupaci\u00f3n Cultural Diaguita Cullu Anta<\/td>\n<td width=\"10\"><\/td>\n<td width=\"0\"><\/td>\n<\/tr>\n<tr>\n<td width=\"10\"><\/td>\n<td width=\"0\"><\/td>\n<\/tr>\n<tr>\n<td rowspan=\"2\" width=\"316\">Plan de Mejoramiento Productivo para la Peque\u00f1a Miner\u00eda de Andacollo<\/td>\n<td rowspan=\"2\" width=\"303\">Sindicato de Pirquineros y Peque\u00f1os Mineros de la Comuna de Andacollo<\/td>\n<td width=\"10\"><\/td>\n<td width=\"0\"><\/td>\n<\/tr>\n<tr>\n<td width=\"10\"><\/td>\n<td width=\"0\"><\/td>\n<\/tr>\n<tr>\n<td rowspan=\"2\" width=\"316\">Mejorando Nuestro Entorno<\/td>\n<td rowspan=\"2\" width=\"303\">Uni\u00f3n Comunal de Centros de Madres<\/td>\n<td width=\"10\"><\/td>\n<td width=\"0\"><\/td>\n<\/tr>\n<tr>\n<td width=\"10\"><\/td>\n<td width=\"0\"><\/td>\n<\/tr>\n<tr>\n<td rowspan=\"2\" width=\"316\">Mejorando Nuestra Sede<\/td>\n<td rowspan=\"2\" width=\"303\">Centro de Madres Gabriela Mistral de Andacollo<\/td>\n<td width=\"10\"><\/td>\n<td width=\"0\"><\/td>\n<\/tr>\n<tr>\n<td width=\"10\"><\/td>\n<td width=\"0\"><\/td>\n<\/tr>\n<tr>\n<td rowspan=\"3\" width=\"316\">Instalaci\u00f3n de Sistema Fotovoltaico Domiciliario a Vecinos alejados del Sistema El\u00e9ctrico Central<\/td>\n<td rowspan=\"3\" width=\"303\">Comunidad Agr\u00edcola Caldera y Damas<\/td>\n<td width=\"10\"><\/td>\n<td width=\"0\"><\/td>\n<\/tr>\n<tr>\n<td width=\"10\"><\/td>\n<td width=\"0\"><\/td>\n<\/tr>\n<tr>\n<td width=\"10\"><\/td>\n<td width=\"0\"><\/td>\n<\/tr>\n<tr>\n<td rowspan=\"2\" width=\"316\">Adelante Churrumata<\/td>\n<td rowspan=\"2\" width=\"303\">Club Deportivo F\u00fatbol y Rayuela Churrumata<\/td>\n<td width=\"10\"><\/td>\n<td width=\"0\"><\/td>\n<\/tr>\n<tr>\n<td width=\"10\"><\/td>\n<td width=\"0\"><\/td>\n<\/tr>\n<tr>\n<td width=\"316\">Instalaci\u00f3n de Sistemas Fotovoltaico Domiciliario y Mejoramiento de los Existentes a Familias de Sectores Perif\u00e9ricos de Andacollo<\/td>\n<td width=\"303\">Sindicato de Trabajadores Agr\u00edcolas y Crianceros de la Comuna de Andacollo<\/td>\n<td width=\"10\"><\/td>\n<td width=\"0\"><\/td>\n<\/tr>\n<\/tbody>\n<\/table>\n<p>&nbsp;<\/p>\n<table style=\"height: 1592px;\" width=\"642\">\n<tbody>\n<tr>\n<td colspan=\"2\" width=\"614\"><strong>PROYECTOS EJES TEM\u00c1TICOS<\/strong><\/td>\n<\/tr>\n<tr>\n<td colspan=\"2\" width=\"614\"><strong>Social Ambiental<\/strong><\/td>\n<\/tr>\n<tr>\n<td width=\"316\"><strong>NOMBRE PROYECTO<\/strong><\/td>\n<td width=\"298\"><strong>ORGANIZACI\u00d3N<\/strong><\/td>\n<\/tr>\n<tr>\n<td width=\"316\">Huerta Educacional de Los Pepitas<\/td>\n<td width=\"298\">Junta de Vecinos N\u00b019 Villa Andacollo<\/td>\n<\/tr>\n<tr>\n<td width=\"316\">Mi Huerta Sustentable<\/td>\n<td width=\"298\">Agrupaci\u00f3n Jorge Prat Iluminando Mi Calle<\/td>\n<\/tr>\n<tr>\n<td width=\"316\">Artesanas y Decoradoras en Reciclaje<\/td>\n<td width=\"298\">Club Amigas de Violeta Parra<\/td>\n<\/tr>\n<tr>\n<td width=\"316\">Garantizando el Acceso de Agua para Consumo B\u00e1sico para Familias del Sector Manzano, El Copao y Llanos de Perico<\/td>\n<td width=\"298\">Comunidad Agr\u00edcola Cuesta El Manzano<\/td>\n<\/tr>\n<tr>\n<td width=\"316\">Mejoramiento en Nuestra Sede<\/td>\n<td width=\"298\">Junta de Vecinos San Jos\u00e9 N\u00b016 Curque Alto de Andacollo<\/td>\n<\/tr>\n<tr>\n<td width=\"316\">Mejoramiento Infraestructura de Nuestra Sede Social<\/td>\n<td width=\"298\">Junta de Vecinos N\u00b04 El Curque<\/td>\n<\/tr>\n<tr>\n<td width=\"316\">Creando Maravillas con Nuestras Manos<\/td>\n<td width=\"298\">Centro de Madres Las Brisas El Curque<\/td>\n<\/tr>\n<tr>\n<td width=\"316\">Barrio Norte se Protege en Comunidad<\/td>\n<td width=\"298\">Consejo Vecinal de Desarrollo Barrio Norte<\/td>\n<\/tr>\n<tr>\n<td width=\"316\">Construcci\u00f3n Plataforma Para Instalaci\u00f3n Copa de Agua y Mejoramiento Sistema De Alcantarillado Club<\/td>\n<td width=\"298\">Club Adulto Mayor A\u00f1os Dorados El Cobre<\/td>\n<\/tr>\n<tr>\n<td width=\"316\">Construcci\u00f3n Cocina y Reparaci\u00f3n Techumbre de La Sede Agrupaci\u00f3n Pro-Adelanto Luz y Esperanza Sector La Caldera<\/td>\n<td width=\"298\">Agrupaci\u00f3n Pro-Adelanto Luz y Esperanza Sector La Caldera<\/td>\n<\/tr>\n<tr>\n<td width=\"316\">Compra e Instalaci\u00f3n de Generadores de Respaldo de Energ\u00eda Cuerpo de Bomberos de Andacollo<\/td>\n<td width=\"298\">Cuerpo de Bomberos de Andacollo<\/td>\n<\/tr>\n<tr>\n<td width=\"316\">Iluminando el Futuro de Club Deportivo Racing<\/td>\n<td width=\"298\">Club Deportivo Racing<\/td>\n<\/tr>\n<tr>\n<td width=\"316\">Seguridad en Comunidad<\/td>\n<td width=\"298\">Junta de Vecinos N\u00b03 Barrio Norte de Andacollo<\/td>\n<\/tr>\n<tr>\n<td width=\"316\">Preservando y Fomentando La Cultura Diaguita a Trav\u00e9s de Telares<\/td>\n<td width=\"298\">Centro de Madres Iris Sola Cortes<\/td>\n<\/tr>\n<tr>\n<td width=\"316\">Implementar un Escenario, Como Plataforma para la Creaci\u00f3n de Alianzas Culturales y Sociales.<\/td>\n<td width=\"298\">Club Deportivo Racing<\/td>\n<\/tr>\n<tr>\n<td width=\"316\">Reconstrucci\u00f3n Centro de Madres Adriana Rivera<\/td>\n<td width=\"298\">Centro de Madres Adriana Rivera Castro<\/td>\n<\/tr>\n<tr>\n<td width=\"316\">Dise\u00f1o Centro Comunitario San Valent\u00edn<\/td>\n<td width=\"298\">Comit\u00e9 de Vivienda Villa El Rosario<\/td>\n<\/tr>\n<tr>\n<td width=\"316\">Implementaci\u00f3n Cocina Centro de Madres Ang\u00e9lica Lobos<\/td>\n<td width=\"298\">Centro de Madres Ang\u00e9lica Lobos<\/td>\n<\/tr>\n<tr>\n<td width=\"316\">Construcci\u00f3n Sal\u00f3n Multiuso y Pavimentaci\u00f3n Exterior Sede Social Uni\u00f3n Comunal de Adultos Mayores<\/td>\n<td width=\"298\">Uni\u00f3n Comunal de Adulto Mayor de Andacollo<\/td>\n<\/tr>\n<tr>\n<td width=\"316\">Implementaci\u00f3n de Luminarias en el Sector Rural de la Comuna de Andacollo<\/td>\n<td width=\"298\">Agrupaci\u00f3n La Percala &#8211; Andacollo<\/td>\n<\/tr>\n<tr>\n<td width=\"316\">Mejoramiento y Dignificaci\u00f3n del Espacio Com\u00fan<\/td>\n<td width=\"298\">Centro de Madres Jos\u00e9 Luis Arra\u00f1o de Andacollo<\/td>\n<\/tr>\n<tr>\n<td width=\"316\">Cambio de Techumbre y Obras Menores Sede Principal Junta Las Catanas<\/td>\n<td width=\"298\">Junta De Vecinos N\u00b07 del Sector Las Catanas de Andacollo<\/td>\n<\/tr>\n<tr>\n<td width=\"316\">Mejoramiento Instalaciones Sede Club Deportivo y Social Andacollo Sporting<\/td>\n<td width=\"298\">Club Deportivo Andacollo Sporting<\/td>\n<\/tr>\n<tr>\n<td width=\"316\">Seguridad Vecinal Empoderada<\/td>\n<td width=\"298\">Junta de Vecinos N\u00b025 Villa El Sendero del Peregrino<\/td>\n<\/tr>\n<tr>\n<td width=\"316\">Tu \u00c1rbol \/ Your Tree<\/td>\n<td width=\"298\">Agrupaci\u00f3n Social, CulturalmAndacollomotoclub<\/td>\n<\/tr>\n<tr>\n<td width=\"316\">Desarrollando La Cultura Folcl\u00f3rica Andacollina con una Mirada Inclusiva<\/td>\n<td width=\"298\">Club de Huasos Andacollo<\/td>\n<\/tr>\n<\/tbody>\n<\/table>\n<p>&nbsp;<\/p>\n<table style=\"height: 375px;\" width=\"636\">\n<tbody>\n<tr>\n<td colspan=\"2\" width=\"623\"><strong>PROYECTOS EJES TEM\u00c1TICOS<\/strong><\/td>\n<\/tr>\n<tr>\n<td colspan=\"2\" width=\"623\"><strong>Deportivo Cultural<\/strong><\/td>\n<\/tr>\n<tr>\n<td width=\"316\"><strong>NOMBRE PROYECTO<\/strong><\/td>\n<td width=\"307\"><strong>ORGANIZACI\u00d3N<\/strong><\/td>\n<\/tr>\n<tr>\n<td width=\"316\">Senderos del Minero<\/td>\n<td width=\"307\">Club de Ciclismo Andabiker<\/td>\n<\/tr>\n<tr>\n<td width=\"316\">Implementando el Atletismo en La Comuna de Andacollo<\/td>\n<td width=\"307\">Club Social y Deportivo Atl\u00e9tico Andacollo<\/td>\n<\/tr>\n<tr>\n<td width=\"316\">Implementaci\u00f3n del Taller A Trav\u00e9s del Deporte Formamos Personas Academia de F\u00fatbol Femenino Andacollo AFFA<\/td>\n<td width=\"307\">Academia de F\u00fatbol Femenino Andacollo AFFA<\/td>\n<\/tr>\n<tr>\n<td width=\"316\">Andacollo Re-Activa Cultura<\/td>\n<td width=\"307\">Uni\u00f3n Comunal de Artistas, Agrupaciones y Organizaciones Culturales de Andacollo<\/td>\n<\/tr>\n<tr>\n<td width=\"316\">Proyectando a Nuestras Nuevas Generaciones<\/td>\n<td width=\"307\">Asociaci\u00f3n de F\u00fatbol Amateur de Andacollo<\/td>\n<\/tr>\n<\/tbody>\n<\/table>\n<p>&nbsp;<\/p>\n<table style=\"height: 397px;\" width=\"631\">\n<tbody>\n<tr>\n<td colspan=\"2\" width=\"623\"><strong>PROYECTOS EJES TEM\u00c1TICOS<\/strong><\/td>\n<\/tr>\n<tr>\n<td colspan=\"2\" width=\"623\"><strong>Salud<\/strong><\/td>\n<\/tr>\n<tr>\n<td width=\"316\"><strong>NOMBRE PROYECTO<\/strong><\/td>\n<td width=\"307\"><strong>ORGANIZACI\u00d3N<\/strong><\/td>\n<\/tr>\n<tr>\n<td width=\"316\">La Inclusi\u00f3n Es Mucho Mejor Con La Alegr\u00eda De Vivir<\/td>\n<td width=\"307\">Organizaci\u00f3n Funcional Padres y Amigos de Discapacidad La Alegr\u00eda de Vivir de Andacollo<\/td>\n<\/tr>\n<tr>\n<td width=\"316\">Aporte Social y Prestaciones Complementarias en Salud para la Comunidad de Andacollo<\/td>\n<td width=\"307\">Consejo Consultivo de Salud de La Comuna de Andacollo<\/td>\n<\/tr>\n<tr>\n<td width=\"316\">Caravana de la Integraci\u00f3n a Sitios Patrimoniales para Abuelitos y Ni\u00f1os con Menos Oportunidades<\/td>\n<td width=\"307\">Club Pasi\u00f3n de Motos Andacollo<\/td>\n<\/tr>\n<tr>\n<td width=\"316\">Recuperando Vida y Salud Postpandemia<\/td>\n<td width=\"307\">Club Social y Academia Deportiva Independiente De Andacollo<\/td>\n<\/tr>\n<\/tbody>\n<\/table>\n","protected":false},"excerpt":{"rendered":"<p>En esta votaci\u00f3n ciudadana solo podr\u00e1n participar mayores de 18 a\u00f1os que se encuentren inscritos en el padr\u00f3n electoral de SERVEL de la comuna de Andacollo. Este a\u00f1o se seleccionar\u00e1n proyectos tem\u00e1ticos y emblem\u00e1ticos, por lo tanto, cada persona podr\u00e1 votar por uno de cada categor\u00eda &nbsp; Andacollo.- El proceso de selecci\u00f3n de los Proyectos [&hellip;]<\/p>\n","protected":false},"author":3,"featured_media":0,"comment_status":"open","ping_status":"open","sticky":false,"template":"","format":"standard","meta":{"_acf_changed":false,"footnotes":""},"categories":[1],"tags":[3271,3270],"acf":[],"aioseo_notices":[],"_links":{"self":[{"href":"https:\/\/www.andacolloconectado.cl\/index.php\/wp-json\/wp\/v2\/posts\/11865"}],"collection":[{"href":"https:\/\/www.andacolloconectado.cl\/index.php\/wp-json\/wp\/v2\/posts"}],"about":[{"href":"https:\/\/www.andacolloconectado.cl\/index.php\/wp-json\/wp\/v2\/types\/post"}],"author":[{"embeddable":true,"href":"https:\/\/www.andacolloconectado.cl\/index.php\/wp-json\/wp\/v2\/users\/3"}],"replies":[{"embeddable":true,"href":"https:\/\/www.andacolloconectado.cl\/index.php\/wp-json\/wp\/v2\/comments?post=11865"}],"version-history":[{"count":4,"href":"https:\/\/www.andacolloconectado.cl\/index.php\/wp-json\/wp\/v2\/posts\/11865\/revisions"}],"predecessor-version":[{"id":11872,"href":"https:\/\/www.andacolloconectado.cl\/index.php\/wp-json\/wp\/v2\/posts\/11865\/revisions\/11872"}],"wp:attachment":[{"href":"https:\/\/www.andacolloconectado.cl\/index.php\/wp-json\/wp\/v2\/media?parent=11865"}],"wp:term":[{"taxonomy":"category","embeddable":true,"href":"https:\/\/www.andacolloconectado.cl\/index.php\/wp-json\/wp\/v2\/categories?post=11865"},{"taxonomy":"post_tag","embeddable":true,"href":"https:\/\/www.andacolloconectado.cl\/index.php\/wp-json\/wp\/v2\/tags?post=11865"}],"curies":[{"name":"wp","href":"https:\/\/api.w.org\/{rel}","templated":true}]}}