{"id":11950,"date":"2021-12-07T19:07:05","date_gmt":"2021-12-07T19:07:05","guid":{"rendered":"http:\/\/www.andacolloconectado.cl\/?p=11950"},"modified":"2021-12-07T19:07:05","modified_gmt":"2021-12-07T19:07:05","slug":"mas-de-200-ciclistas-de-todo-el-pais-participaron-en-la-carrera-ascension-coquimbo-andacollo","status":"publish","type":"post","link":"https:\/\/www.andacolloconectado.cl\/index.php\/mas-de-200-ciclistas-de-todo-el-pais-participaron-en-la-carrera-ascension-coquimbo-andacollo\/","title":{"rendered":"M\u00e1s de 200 ciclistas de todo el pa\u00eds participaron en la carrera ascensi\u00f3n Coquimbo- Andacollo"},"content":{"rendered":"<p>Este domingo 5 diciembre se efect\u00fao la d\u00e9cima cuarta versi\u00f3n de la \u201cAscensi\u00f3n Coquimbo- Andacollo\u201d que es una de las pruebas tradicionales del circuito de ciclismo nacional.<\/p>\n<p>La carrera es organizada por el Club Ciclista Celta Don Tito, de Coquimbo, que este a\u00f1o 2021 congreg\u00f3 alrededor de 200 deportistas nacionales que recorrieron los m\u00e1s de 50 kms que separan a las ciudades de Coquimbo y Andacollo.<\/p>\n<p>La actividad cont\u00f3 con el patrocinio de los Municipios de Andacollo y Coquimbo, adem\u00e1s del apoyo de compa\u00f1\u00eda Minera Teck CDA, que aport\u00f3 para las colaciones y premiaci\u00f3n de los competidores.<\/p>\n<p>La partida fue desde el estadio Francisco S\u00e1nchez Rumoroso de la ciudad porte\u00f1a posteriormente desde La Cantera se dio el inicio oficial a los ciclistas de las diferentes categor\u00edas. Los primeros deportistas comenzaron su arribo a nuestra comuna pasado el mediod\u00eda, a la meta ubicada en la Plaza Nolasco Videla.<\/p>\n<p>El presidente del Club \u201cDon Tito\u201d Mario Marambio se manifest\u00f3 muy satisfecho con el desarrollo de la competencia, pues \u201cestamos contentos porque batimos el r\u00e9cord de participantes, llegaron alrededor de 203 participantes de todo el pa\u00eds y el nivel fue alt\u00edsimo, cabe recordar que esta fecha es de ranking nacional, por lo tanto, los mejores ciclistas de Chile se hicieron presentes\u201d.<\/p>\n<p>Para el alcalde de la comuna, Gerald Cerda Pizarro el apoyo del Municipio local a esta actividad es parte del fomento y fortalecimiento al deporte que se realiza a trav\u00e9s de la Oficina Comunal. \u201cLa idea es hacer una costumbre para lleguen ciclistas de alto rendimiento, esto es para apoyar el deporte, la buena salud y que por supuesto de integren nuestros ni\u00f1os j\u00f3venes y adultos andacollinos\u201d<\/p>\n<p>El primer ciclista en cruzar la meta fue Oscar Azurio, oriundo de Buin, quien lleva varios a\u00f1os participando en representaci\u00f3n del Club organizador. \u201cEsta carrera la conozco bien, trato de venir todos los a\u00f1os, ayer gan\u00e9 la cronoescalada y hoy las 3 etapas: metavolante ,metamonta\u00f1a y la\u00a0 final. Es una carrera muy bien organizada contamos con apoyo de Carabineros, uno se da cuenta que cierran la rutas para correr libre de atropello, es una de las mejores del a\u00f1o\u201d, recalc\u00f3 el ganador.<\/p>\n<p>Por su parte, Roberto Riffo jefe de desarrollo comunitario de Teck CDA, se\u00f1al\u00f3 que \u201capoyamos esta actividad tradicional en el mes de aniversario que es el ascenso cicl\u00edstico, la subida de Andacollo. Para Teck es un honor participar, en esta oportunidad la fecha es parte del circuito nacional ese el plus. As\u00ed que estamos colaborando con el deporte porque entendemos que es un camino para poder robustecer la calidad de vida de las personas\u201d.<\/p>\n","protected":false},"excerpt":{"rendered":"<p>Este domingo 5 diciembre se efect\u00fao la d\u00e9cima cuarta versi\u00f3n de la \u201cAscensi\u00f3n Coquimbo- Andacollo\u201d que es una de las pruebas tradicionales del circuito de ciclismo nacional. La carrera es organizada por el Club Ciclista Celta Don Tito, de Coquimbo, que este a\u00f1o 2021 congreg\u00f3 alrededor de 200 deportistas nacionales que recorrieron los m\u00e1s de [&hellip;]<\/p>\n","protected":false},"author":3,"featured_media":0,"comment_status":"open","ping_status":"open","sticky":false,"template":"","format":"standard","meta":{"_acf_changed":false,"footnotes":""},"categories":[1],"tags":[3303,3304],"acf":[],"aioseo_notices":[],"_links":{"self":[{"href":"https:\/\/www.andacolloconectado.cl\/index.php\/wp-json\/wp\/v2\/posts\/11950"}],"collection":[{"href":"https:\/\/www.andacolloconectado.cl\/index.php\/wp-json\/wp\/v2\/posts"}],"about":[{"href":"https:\/\/www.andacolloconectado.cl\/index.php\/wp-json\/wp\/v2\/types\/post"}],"author":[{"embeddable":true,"href":"https:\/\/www.andacolloconectado.cl\/index.php\/wp-json\/wp\/v2\/users\/3"}],"replies":[{"embeddable":true,"href":"https:\/\/www.andacolloconectado.cl\/index.php\/wp-json\/wp\/v2\/comments?post=11950"}],"version-history":[{"count":1,"href":"https:\/\/www.andacolloconectado.cl\/index.php\/wp-json\/wp\/v2\/posts\/11950\/revisions"}],"predecessor-version":[{"id":11952,"href":"https:\/\/www.andacolloconectado.cl\/index.php\/wp-json\/wp\/v2\/posts\/11950\/revisions\/11952"}],"wp:attachment":[{"href":"https:\/\/www.andacolloconectado.cl\/index.php\/wp-json\/wp\/v2\/media?parent=11950"}],"wp:term":[{"taxonomy":"category","embeddable":true,"href":"https:\/\/www.andacolloconectado.cl\/index.php\/wp-json\/wp\/v2\/categories?post=11950"},{"taxonomy":"post_tag","embeddable":true,"href":"https:\/\/www.andacolloconectado.cl\/index.php\/wp-json\/wp\/v2\/tags?post=11950"}],"curies":[{"name":"wp","href":"https:\/\/api.w.org\/{rel}","templated":true}]}}