{"id":12110,"date":"2022-01-14T13:49:01","date_gmt":"2022-01-14T13:49:01","guid":{"rendered":"http:\/\/www.andacolloconectado.cl\/?p=12110"},"modified":"2022-01-14T13:57:01","modified_gmt":"2022-01-14T13:57:01","slug":"fondemi-cierra-su-proceso-2021-con-solemne-ceremonia-y-89-beneficiados","status":"publish","type":"post","link":"https:\/\/www.andacolloconectado.cl\/index.php\/fondemi-cierra-su-proceso-2021-con-solemne-ceremonia-y-89-beneficiados\/","title":{"rendered":"Fondemi cierra su proceso 2021 con solemne ceremonia y 89 beneficiados"},"content":{"rendered":"<p><strong>Como ha sido la t\u00f3nica en estos \u00faltimos a\u00f1os, nuevamente la participaci\u00f3n femenina marc\u00f3 diferencias en las postulaciones y posteriores adjudicaciones; 68 de los 89 proyectos beneficiados corresponden a iniciativas liderados por mujeres, equivalente a un 76%.<\/strong><\/p>\n<p>&nbsp;<\/p>\n<p><strong>Andacollo.-<\/strong> En dependencias de la Casa Andacollo y con todas las medidas sanitarias aplicadas, se llev\u00f3 a cabo la ceremonia de cierre del programa Fondo de Desarrollo Microempresarial (Fondemi) 2021, instancia impulsada por Teck Carmen de Andacollo (CDA) y ejecutado por la Corporaci\u00f3n Proloa, la que entreg\u00f3 a 89 emprendedores de Andacollo y Alfalfares los recursos necesarios para el desarrollo de sus actividades comerciales.<\/p>\n<p>&nbsp;<\/p>\n<p>En la ocasi\u00f3n estuvieron presentes gran parte de los beneficiados y beneficiadas quienes recibieron una certificaci\u00f3n que acredit\u00f3 la obtenci\u00f3n de los aportes, muchos de los cuales ya han sido materializados en sus proyectos.<\/p>\n<p>&nbsp;<\/p>\n<p>Al respecto, Narda Rojas, beneficiaria del Fondemi 2021, agradeci\u00f3 la entrega del aporte y explic\u00f3 lo importante que es aprovechar las oportunidades. \u201cEn plena pandemia me vi favorecida con los Fondemi y pude adquirir nuevas m\u00e1quinas de coser para mi negocio. En un principio elabor\u00e9 mascarillas y con esos recursos decid\u00ed invertir, creando una tienda de mascotas donde se venden medicamentos, alimentos y confecciono la ropa para los animales. Posteriormente formalic\u00e9 mi tienda y hoy, gracias a los aportes que me otorgaron y el empuje y perseverancia que he tenido, cumpl\u00ed mi sue\u00f1o de matricularme en la universidad para estudiar podolog\u00eda cl\u00ednica. Estoy feliz y agradecida de la oportunidad que me dieron\u201d, afirm\u00f3 la emprendedora andacollina.<\/p>\n<!--[if lt IE 9]><script>document.createElement('audio');<\/script><![endif]-->\n<audio class=\"wp-audio-shortcode\" id=\"audio-12110-1\" preload=\"none\" style=\"width: 100%;\" controls=\"controls\"><source type=\"audio\/mpeg\" src=\"http:\/\/www.andacolloconectado.cl\/wp-content\/uploads\/2022\/01\/Narda-Rojas-emprendedora-y-beneficiaria-fondemi.mp3?_=1\" \/><a href=\"http:\/\/www.andacolloconectado.cl\/wp-content\/uploads\/2022\/01\/Narda-Rojas-emprendedora-y-beneficiaria-fondemi.mp3\">http:\/\/www.andacolloconectado.cl\/wp-content\/uploads\/2022\/01\/Narda-Rojas-emprendedora-y-beneficiaria-fondemi.mp3<\/a><\/audio>\n<p>&nbsp;<\/p>\n<p>Por su parte Paulo Barraza, gerente de Gesti\u00f3n Comunitaria de Teck CDA, expres\u00f3 su satisfacci\u00f3n por los resultados del proceso, sosteniendo que \u201cel Fondo de Desarrollo Microempresarial, que ya hemos ejecutado por segundo a\u00f1o consecutivo, ha sido muy significativo dado la cantidad de beneficiarios y, sobre todo de mujeres, que han decidido emprender. Agradecemos a las personas por permitirnos ayudarles y valoramos su convicci\u00f3n para ser emprendedores, superarse y ser un ejemplo para el resto de la comunidad\u201d, se\u00f1al\u00f3 el ejecutivo.<\/p>\n<audio class=\"wp-audio-shortcode\" id=\"audio-12110-2\" preload=\"none\" style=\"width: 100%;\" controls=\"controls\"><source type=\"audio\/mpeg\" src=\"http:\/\/www.andacolloconectado.cl\/wp-content\/uploads\/2022\/01\/Paulo-Barraza-gerente-Gestio?n-Comunitaria-Fondemi_mp3&#038;_=2\" \/><a href=\"http:\/\/www.andacolloconectado.cl\/wp-content\/uploads\/2022\/01\/Paulo-Barraza-gerente-Gestio?n-Comunitaria-Fondemi.mp3\">http:\/\/www.andacolloconectado.cl\/wp-content\/uploads\/2022\/01\/Paulo-Barraza-gerente-Gestio?n-Comunitaria-Fondemi.mp3<\/a><\/audio>\n<p>&nbsp;<\/p>\n<p>Hay que recordar que, a diferencia de a\u00f1os anteriores, en esta oportunidad se otorg\u00f3 el beneficio en dos etapas, favoreciendo a iniciativas de los rubros de artesan\u00eda, gastronom\u00eda, alimentaci\u00f3n, est\u00e9tica, confecciones, construcci\u00f3n, agr\u00edcolas e inform\u00e1tica, de los cuales 38 corresponden al Fondo Empresa y 51 a Iniciados.<\/p>\n","protected":false},"excerpt":{"rendered":"<p>Como ha sido la t\u00f3nica en estos \u00faltimos a\u00f1os, nuevamente la participaci\u00f3n femenina marc\u00f3 diferencias en las postulaciones y posteriores adjudicaciones; 68 de los 89 proyectos beneficiados corresponden a iniciativas liderados por mujeres, equivalente a un 76%. &nbsp; Andacollo.- En dependencias de la Casa Andacollo y con todas las medidas sanitarias aplicadas, se llev\u00f3 a [&hellip;]<\/p>\n","protected":false},"author":3,"featured_media":0,"comment_status":"open","ping_status":"open","sticky":false,"template":"","format":"standard","meta":{"_acf_changed":false,"footnotes":""},"categories":[1],"tags":[3353,3352,3351],"acf":[],"aioseo_notices":[],"_links":{"self":[{"href":"https:\/\/www.andacolloconectado.cl\/index.php\/wp-json\/wp\/v2\/posts\/12110"}],"collection":[{"href":"https:\/\/www.andacolloconectado.cl\/index.php\/wp-json\/wp\/v2\/posts"}],"about":[{"href":"https:\/\/www.andacolloconectado.cl\/index.php\/wp-json\/wp\/v2\/types\/post"}],"author":[{"embeddable":true,"href":"https:\/\/www.andacolloconectado.cl\/index.php\/wp-json\/wp\/v2\/users\/3"}],"replies":[{"embeddable":true,"href":"https:\/\/www.andacolloconectado.cl\/index.php\/wp-json\/wp\/v2\/comments?post=12110"}],"version-history":[{"count":3,"href":"https:\/\/www.andacolloconectado.cl\/index.php\/wp-json\/wp\/v2\/posts\/12110\/revisions"}],"predecessor-version":[{"id":12116,"href":"https:\/\/www.andacolloconectado.cl\/index.php\/wp-json\/wp\/v2\/posts\/12110\/revisions\/12116"}],"wp:attachment":[{"href":"https:\/\/www.andacolloconectado.cl\/index.php\/wp-json\/wp\/v2\/media?parent=12110"}],"wp:term":[{"taxonomy":"category","embeddable":true,"href":"https:\/\/www.andacolloconectado.cl\/index.php\/wp-json\/wp\/v2\/categories?post=12110"},{"taxonomy":"post_tag","embeddable":true,"href":"https:\/\/www.andacolloconectado.cl\/index.php\/wp-json\/wp\/v2\/tags?post=12110"}],"curies":[{"name":"wp","href":"https:\/\/api.w.org\/{rel}","templated":true}]}}