{"id":12193,"date":"2022-01-26T16:53:26","date_gmt":"2022-01-26T16:53:26","guid":{"rendered":"http:\/\/www.andacolloconectado.cl\/?p=12193"},"modified":"2022-01-26T16:57:13","modified_gmt":"2022-01-26T16:57:13","slug":"levantan-prohibicion-de-bano-en-las-playas-de-la-serena","status":"publish","type":"post","link":"https:\/\/www.andacolloconectado.cl\/index.php\/levantan-prohibicion-de-bano-en-las-playas-de-la-serena\/","title":{"rendered":"Levantan prohibici\u00f3n de ba\u00f1o en las playas de La Serena"},"content":{"rendered":"<ul>\n<li>La medida se mantiene para el sector Socos en Tongoy y el balneario de Puerto Velero.<\/li>\n<\/ul>\n<p>Este mi\u00e9rcoles 26 de enero, la Seremi de Salud de Coquimbo alz\u00f3 la prohibici\u00f3n de ba\u00f1o y actividades recreativas para las playas de La Serena, medida que reg\u00eda para el sector comprendido entre El Faro y Cuatro Esquinas por presencia de Fragata Portuguesa.<\/p>\n<p>\u201cHemos tomado la decisi\u00f3n de levantar la prohibici\u00f3n de ba\u00f1o para todo el sector costero de La Serena ya que en los \u00faltimos dos d\u00edas no se han encontrado ejemplares de Fragata Portuguesa\u201d, indic\u00f3 la Seremi (S) de Salud, Betsab\u00e9 Rodr\u00edguez.<\/p>\n<p>La Autoridad Sanitaria inform\u00f3 adem\u00e1s que la medida se mantiene para el sector Socos de Tongoy y el balneario de Puerto Velero. \u201cSe seguir\u00e1 con el monitoreo constante y diario para verificar la presencia de nuevos ejemplares de Fragata Portuguesa en las playas de nuestra regi\u00f3n, por lo que se hace el llamado a la poblaci\u00f3n a mantener el resguardo y el autocuidado\u201d, finaliz\u00f3 Rodr\u00edguez.<\/p>\n","protected":false},"excerpt":{"rendered":"<p>La medida se mantiene para el sector Socos en Tongoy y el balneario de Puerto Velero. Este mi\u00e9rcoles 26 de enero, la Seremi de Salud de Coquimbo alz\u00f3 la prohibici\u00f3n de ba\u00f1o y actividades recreativas para las playas de La Serena, medida que reg\u00eda para el sector comprendido entre El Faro y Cuatro Esquinas por [&hellip;]<\/p>\n","protected":false},"author":3,"featured_media":0,"comment_status":"open","ping_status":"open","sticky":false,"template":"","format":"standard","meta":{"_acf_changed":false,"footnotes":""},"categories":[1],"tags":[3378,3365],"acf":[],"aioseo_notices":[],"_links":{"self":[{"href":"https:\/\/www.andacolloconectado.cl\/index.php\/wp-json\/wp\/v2\/posts\/12193"}],"collection":[{"href":"https:\/\/www.andacolloconectado.cl\/index.php\/wp-json\/wp\/v2\/posts"}],"about":[{"href":"https:\/\/www.andacolloconectado.cl\/index.php\/wp-json\/wp\/v2\/types\/post"}],"author":[{"embeddable":true,"href":"https:\/\/www.andacolloconectado.cl\/index.php\/wp-json\/wp\/v2\/users\/3"}],"replies":[{"embeddable":true,"href":"https:\/\/www.andacolloconectado.cl\/index.php\/wp-json\/wp\/v2\/comments?post=12193"}],"version-history":[{"count":2,"href":"https:\/\/www.andacolloconectado.cl\/index.php\/wp-json\/wp\/v2\/posts\/12193\/revisions"}],"predecessor-version":[{"id":12198,"href":"https:\/\/www.andacolloconectado.cl\/index.php\/wp-json\/wp\/v2\/posts\/12193\/revisions\/12198"}],"wp:attachment":[{"href":"https:\/\/www.andacolloconectado.cl\/index.php\/wp-json\/wp\/v2\/media?parent=12193"}],"wp:term":[{"taxonomy":"category","embeddable":true,"href":"https:\/\/www.andacolloconectado.cl\/index.php\/wp-json\/wp\/v2\/categories?post=12193"},{"taxonomy":"post_tag","embeddable":true,"href":"https:\/\/www.andacolloconectado.cl\/index.php\/wp-json\/wp\/v2\/tags?post=12193"}],"curies":[{"name":"wp","href":"https:\/\/api.w.org\/{rel}","templated":true}]}}