{"id":12274,"date":"2022-02-09T21:13:05","date_gmt":"2022-02-09T21:13:05","guid":{"rendered":"http:\/\/www.andacolloconectado.cl\/?p=12274"},"modified":"2022-02-09T21:13:05","modified_gmt":"2022-02-09T21:13:05","slug":"asociacion-de-futbol-imparte-curso-para-capacitar-arbitros-de-andacollo","status":"publish","type":"post","link":"https:\/\/www.andacolloconectado.cl\/index.php\/asociacion-de-futbol-imparte-curso-para-capacitar-arbitros-de-andacollo\/","title":{"rendered":"Asociaci\u00f3n de F\u00fatbol imparte curso para capacitar \u00e1rbitros de Andacollo"},"content":{"rendered":"<p><strong><em>La ejecuci\u00f3n del taller se da gracias a los fondos concursables de los Proyectos de la Comunidad Andacollina Teck (CAT) 2021 y permitir\u00e1 que el f\u00fatbol andacollino ya no dependa de la disponibilidad de jueces provenientes de La Serena o Coquimbo.<\/em><\/strong><\/p>\n<p>&nbsp;<\/p>\n<p><strong>Andacollo.-<\/strong> Potenciar el talento local y otorgar espacios para generar capacidades es el objetivo de la iniciativa \u201cProyectando a nuestras nuevas generaciones\u201d que impulsa la Asociaci\u00f3n de F\u00fatbol de Andacollo (AFA) y que, entre sus beneficios, contempla la realizaci\u00f3n de un curso de formaci\u00f3n de \u00e1rbitros para los y las j\u00f3venes andacollinas.<\/p>\n<p>&nbsp;<\/p>\n<p>La capacitaci\u00f3n, que comenz\u00f3 el mi\u00e9rcoles 12 de enero, es impartida por la \u00e1rbitra FIFA Monserrat Maturana Arqueros, y consta de siete clases te\u00f3ricas y una pr\u00e1ctica, donde se tratar\u00e1n los aspectos fundamentales del f\u00fatbol y todo lo necesario para guiar eficientemente un encuentro deportivo.<\/p>\n<p>&nbsp;<\/p>\n<p>Monserrat Maturana es una jueza con amplia experiencia, dado que durante el 2017 dirigi\u00f3 varios encuentros del campeonato local andacollino, posteriormente se traslad\u00f3 a la Regi\u00f3n Metropolitana para continuar sus estudios, donde se capacit\u00f3 como \u00e1rbitra de la FIFA. Actualmente es r\u00e9feri de los partidos de la liga femenina de la ANFP y tambi\u00e9n ha participado en duelos internacionales.<\/p>\n<p>&nbsp;<\/p>\n<p>Javier Vicencio, presidente de la Asociaci\u00f3n de F\u00fatbol de Andacollo, destaca la iniciativa afirmando que \u201cla comunidad nos favoreci\u00f3 en los proyectos CAT y con su voto nos dio la posibilidad de llevar adelante nuestra idea. El curso se inici\u00f3 el mi\u00e9rcoles 12 con una muy buena participaci\u00f3n, lo que nos tiene muy contentos. El primer d\u00eda asistieron alrededor de 10 personas, pero en total se inscribieron 15; 10 hombres y 5 mujeres, algunas de las cuales no pudieron asistir por temas laborales, pero siguen comprometidas con el curso y eso nos alegra\u201d, sostuvo el dirigente.<\/p>\n<p>&nbsp;<\/p>\n<p>El proyecto CAT presentado por AFA tambi\u00e9n contempla la adquisici\u00f3n de 3 equipos desfibriladores, los que servir\u00e1n en campeonatos y\/o competencias locales de las distintas disciplinas deportivas practicadas en la comuna, en vista de los lamentables acontecimientos ocurridos en las distintas canchas del mundo. Adem\u00e1s, se propiciar\u00e1 un espacio de difusi\u00f3n deportiva en medios locales con la cuarta versi\u00f3n del programa \u00abTercer Tiempo\u00bb, donde se tratar\u00e1n diversos temas de inter\u00e9s.<\/p>\n","protected":false},"excerpt":{"rendered":"<p>La ejecuci\u00f3n del taller se da gracias a los fondos concursables de los Proyectos de la Comunidad Andacollina Teck (CAT) 2021 y permitir\u00e1 que el f\u00fatbol andacollino ya no dependa de la disponibilidad de jueces provenientes de La Serena o Coquimbo. &nbsp; Andacollo.- Potenciar el talento local y otorgar espacios para generar capacidades es el [&hellip;]<\/p>\n","protected":false},"author":3,"featured_media":0,"comment_status":"open","ping_status":"open","sticky":false,"template":"","format":"standard","meta":{"_acf_changed":false,"footnotes":""},"categories":[1],"tags":[3404,94,222],"acf":[],"aioseo_notices":[],"_links":{"self":[{"href":"https:\/\/www.andacolloconectado.cl\/index.php\/wp-json\/wp\/v2\/posts\/12274"}],"collection":[{"href":"https:\/\/www.andacolloconectado.cl\/index.php\/wp-json\/wp\/v2\/posts"}],"about":[{"href":"https:\/\/www.andacolloconectado.cl\/index.php\/wp-json\/wp\/v2\/types\/post"}],"author":[{"embeddable":true,"href":"https:\/\/www.andacolloconectado.cl\/index.php\/wp-json\/wp\/v2\/users\/3"}],"replies":[{"embeddable":true,"href":"https:\/\/www.andacolloconectado.cl\/index.php\/wp-json\/wp\/v2\/comments?post=12274"}],"version-history":[{"count":1,"href":"https:\/\/www.andacolloconectado.cl\/index.php\/wp-json\/wp\/v2\/posts\/12274\/revisions"}],"predecessor-version":[{"id":12277,"href":"https:\/\/www.andacolloconectado.cl\/index.php\/wp-json\/wp\/v2\/posts\/12274\/revisions\/12277"}],"wp:attachment":[{"href":"https:\/\/www.andacolloconectado.cl\/index.php\/wp-json\/wp\/v2\/media?parent=12274"}],"wp:term":[{"taxonomy":"category","embeddable":true,"href":"https:\/\/www.andacolloconectado.cl\/index.php\/wp-json\/wp\/v2\/categories?post=12274"},{"taxonomy":"post_tag","embeddable":true,"href":"https:\/\/www.andacolloconectado.cl\/index.php\/wp-json\/wp\/v2\/tags?post=12274"}],"curies":[{"name":"wp","href":"https:\/\/api.w.org\/{rel}","templated":true}]}}