{"id":12392,"date":"2022-03-04T15:40:20","date_gmt":"2022-03-04T15:40:20","guid":{"rendered":"http:\/\/www.andacolloconectado.cl\/?p=12392"},"modified":"2022-03-04T15:40:20","modified_gmt":"2022-03-04T15:40:20","slug":"entregan-nuevo-edificio-consistorial-al-municipio-de-andacollo","status":"publish","type":"post","link":"https:\/\/www.andacolloconectado.cl\/index.php\/entregan-nuevo-edificio-consistorial-al-municipio-de-andacollo\/","title":{"rendered":"Entregan nuevo Edificio Consistorial al Municipio de Andacollo"},"content":{"rendered":"<p><em>La Direcci\u00f3n de Arquitectura del MOP hizo entrega de las nuevas dependencias al municipio local. Iniciativa financiada por el Gobierno Regional, permitir\u00e1 entregar mejores condiciones de trabajo a sus funcionarios y un mejor servicio a la comunidad.<\/em><\/p>\n<p>El Ministerio de Obras P\u00fablicas, hizo entrega al municipio de Andacollo, de las obras de \u201cAmpliaci\u00f3n del Edificio Consistorial\u201d de dicha comuna.<\/p>\n<p>Las nuevas dependencias fueron visitadas por el Delegado Presidencial\u00a0 Regional, Ignacio Pinto, junto al alcalde de la comuna minera, Gerald Cerda, el Seremi de Obras P\u00fablicas, Luis Felipe Mu\u00f1oz y el\u00a0 Seremi de Gobierno, Carlos Flores.<\/p>\n<p>En la ocasi\u00f3n el Delegado Presidencial, Ignacio Pinto, destac\u00f3 \u201cque hoy estamos haciendo entrega del nuevo Edificio Consistorial al municipio de Andacollo, para que sea el municipio el que pueda ir implementando las oficinas de este moderno edificio, el que cuenta con accesibilidad y toda una nueva tecnolog\u00eda que le va dar dignidad a las funcionarios municipales, quienes atienden a la comunidad. Cuando hablamos de descentralizaci\u00f3n,\u00a0 esta se va materializando a trav\u00e9s de obras como estas, que permiten tomar decisiones y tener espacios que permitan desarrollar una buena actividad en las propias localidades y comunas. Por ello, agradecer al Ministerio de Obras P\u00fablicas y al Gobierno Regional por esta inversi\u00f3n de 6 mil millones de pesos\u201d.<\/p>\n<p>Por su parte el edil de Andacollo, Gerald Cerda, recalc\u00f3 que \u201ceste proyecto era muy esperado por la ciudadan\u00eda andacollina, puesto que gran parte de los servicios sociales por temas de aforos y limitancia de la infraestructura, imped\u00edan\u00a0 llevar a cabo y desarrollar la labor municipal como se deb\u00eda, con calidad y urgencia\u201d.<\/p>\n<p>En la misma l\u00ednea, el Seremi de Gobierno, Carlos Flores, destac\u00f3 que este tipo de iniciativas, de modernizaci\u00f3n de infraestructura p\u00fablica, \u201ctienen toda la importancia que se pueden imaginar. Atender a nuestra comunidad con mejor tecnolog\u00eda, con mejores espacios e infraestructura es fundamental. No solo para el trabajo que los funcionarios van a desarrollar ac\u00e1, sino que tambi\u00e9n para la atenci\u00f3n que la gente va a encontrar ac\u00e1\u201d.<\/p>\n<p>El nuevo Edificio Consistorial cuenta con \u201caproximadamente\u00a0 4 mil metros cuadrados, estacionamientos, casino para los funcionarios, oficinas, bodegas, salas de reuniones, auditorio, entre otras caracter\u00edsticas, donde adem\u00e1s se cumple con la normativa de inclusi\u00f3n y s\u00edsmica\u201d,\u00a0 se\u00f1al\u00f3 el seremi de Obras P\u00fablicas, Luis Felipe Mu\u00f1oz.<\/p>\n<p>Respecto de la futura apertura y funcionamiento del nuevo edificio consistorial, el alcalde andacollino indic\u00f3 que \u201cvamos a esperar que tengamos el inmobiliario, que es necesario para que los funcionarios tengan la ergonom\u00eda y todo el material necesario para que puedan llevar a cabo el trabajo. El proyecto ya est\u00e1 evaluado, est\u00e1 totalmente viable y a la espera de eso, obviamente vamos a dar la apertura a este edificio y atender en calidad y rigor a las personas como lo merecen\u201d.<\/p>\n<p>La construcci\u00f3n del\u00a0 moderno edificio consistorial de Andacollo, que se encuentran en calle Urmeneta\u00a0 720, fueron financiadas por el Gobierno Regional, con una inversi\u00f3n cercana a los 6 mil millones de pesos, obras que fueron ejecutadas bajo la supervisi\u00f3n t\u00e9cnica de la Direcci\u00f3n de Arquitectura del Ministerio de Obras P\u00fablicas.<\/p>\n","protected":false},"excerpt":{"rendered":"<p>La Direcci\u00f3n de Arquitectura del MOP hizo entrega de las nuevas dependencias al municipio local. Iniciativa financiada por el Gobierno Regional, permitir\u00e1 entregar mejores condiciones de trabajo a sus funcionarios y un mejor servicio a la comunidad. El Ministerio de Obras P\u00fablicas, hizo entrega al municipio de Andacollo, de las obras de \u201cAmpliaci\u00f3n del Edificio [&hellip;]<\/p>\n","protected":false},"author":3,"featured_media":0,"comment_status":"open","ping_status":"open","sticky":false,"template":"","format":"standard","meta":{"_acf_changed":false,"footnotes":""},"categories":[1],"tags":[850,3439],"acf":[],"aioseo_notices":[],"_links":{"self":[{"href":"https:\/\/www.andacolloconectado.cl\/index.php\/wp-json\/wp\/v2\/posts\/12392"}],"collection":[{"href":"https:\/\/www.andacolloconectado.cl\/index.php\/wp-json\/wp\/v2\/posts"}],"about":[{"href":"https:\/\/www.andacolloconectado.cl\/index.php\/wp-json\/wp\/v2\/types\/post"}],"author":[{"embeddable":true,"href":"https:\/\/www.andacolloconectado.cl\/index.php\/wp-json\/wp\/v2\/users\/3"}],"replies":[{"embeddable":true,"href":"https:\/\/www.andacolloconectado.cl\/index.php\/wp-json\/wp\/v2\/comments?post=12392"}],"version-history":[{"count":1,"href":"https:\/\/www.andacolloconectado.cl\/index.php\/wp-json\/wp\/v2\/posts\/12392\/revisions"}],"predecessor-version":[{"id":12396,"href":"https:\/\/www.andacolloconectado.cl\/index.php\/wp-json\/wp\/v2\/posts\/12392\/revisions\/12396"}],"wp:attachment":[{"href":"https:\/\/www.andacolloconectado.cl\/index.php\/wp-json\/wp\/v2\/media?parent=12392"}],"wp:term":[{"taxonomy":"category","embeddable":true,"href":"https:\/\/www.andacolloconectado.cl\/index.php\/wp-json\/wp\/v2\/categories?post=12392"},{"taxonomy":"post_tag","embeddable":true,"href":"https:\/\/www.andacolloconectado.cl\/index.php\/wp-json\/wp\/v2\/tags?post=12392"}],"curies":[{"name":"wp","href":"https:\/\/api.w.org\/{rel}","templated":true}]}}