{"id":12466,"date":"2022-03-15T21:04:58","date_gmt":"2022-03-15T21:04:58","guid":{"rendered":"http:\/\/www.andacolloconectado.cl\/?p=12466"},"modified":"2022-03-16T12:22:22","modified_gmt":"2022-03-16T12:22:22","slug":"teck-informa-sobre-traslado-de-equipo-por-ruta-d-51-15","status":"publish","type":"post","link":"https:\/\/www.andacolloconectado.cl\/index.php\/teck-informa-sobre-traslado-de-equipo-por-ruta-d-51-15\/","title":{"rendered":"Teck informa sobre traslado de equipo por Ruta D-51"},"content":{"rendered":"<p><strong>Andacollo. &#8211; <\/strong>Con el prop\u00f3sito de dar cumplimiento al lineamiento de contacto permanente con la comunidad, Teck Carmen de Andacollo informa que, este mi\u00e9rcoles 16 de marzo se realizar\u00e1 el traslado de un equipo desde el sector El Manzano por la Ruta D-51 con direcci\u00f3n a faena, procedimiento que estar\u00e1 a cargo de la empresa Rojas y Donaire.<\/p>\n<p>&nbsp;<\/p>\n<p>Lo anterior, se realizar\u00e1 de acuerdo con toda la normativa legal y de seguridad establecida por la autoridad y por nuestra compa\u00f1\u00eda. Se contar\u00e1 con escolta de la empresa Rojas y Donaire.<\/p>\n<p>&nbsp;<\/p>\n<p>El traslado se efectuar\u00e1 a partir de las 11:00 hrs. y contempla las respectivas detenciones en aquellos lugares considerados seguros. Por lo mismo, desde ya, se agradece la comprensi\u00f3n de todos los vecinos ante este proceso de traslado, y se les avisa para que lo consideren en su rutina en caso que deban transitar por la Ruta D-51.<\/p>\n<p>&nbsp;<\/p>\n<p>A nombre la empresa Rojas y Donaire y Teck Carmen de Andacollo expresamos nuestras excusas por las incomodidades que podamos causar.<\/p>\n","protected":false},"excerpt":{"rendered":"<p>Andacollo. &#8211; Con el prop\u00f3sito de dar cumplimiento al lineamiento de contacto permanente con la comunidad, Teck Carmen de Andacollo informa que, este mi\u00e9rcoles 16 de marzo se realizar\u00e1 el traslado de un equipo desde el sector El Manzano por la Ruta D-51 con direcci\u00f3n a faena, procedimiento que estar\u00e1 a cargo de la empresa [&hellip;]<\/p>\n","protected":false},"author":3,"featured_media":0,"comment_status":"open","ping_status":"open","sticky":false,"template":"","format":"standard","meta":{"_acf_changed":false,"footnotes":""},"categories":[1],"tags":[3456,1348,246],"acf":[],"aioseo_notices":[],"_links":{"self":[{"href":"https:\/\/www.andacolloconectado.cl\/index.php\/wp-json\/wp\/v2\/posts\/12466"}],"collection":[{"href":"https:\/\/www.andacolloconectado.cl\/index.php\/wp-json\/wp\/v2\/posts"}],"about":[{"href":"https:\/\/www.andacolloconectado.cl\/index.php\/wp-json\/wp\/v2\/types\/post"}],"author":[{"embeddable":true,"href":"https:\/\/www.andacolloconectado.cl\/index.php\/wp-json\/wp\/v2\/users\/3"}],"replies":[{"embeddable":true,"href":"https:\/\/www.andacolloconectado.cl\/index.php\/wp-json\/wp\/v2\/comments?post=12466"}],"version-history":[{"count":2,"href":"https:\/\/www.andacolloconectado.cl\/index.php\/wp-json\/wp\/v2\/posts\/12466\/revisions"}],"predecessor-version":[{"id":12470,"href":"https:\/\/www.andacolloconectado.cl\/index.php\/wp-json\/wp\/v2\/posts\/12466\/revisions\/12470"}],"wp:attachment":[{"href":"https:\/\/www.andacolloconectado.cl\/index.php\/wp-json\/wp\/v2\/media?parent=12466"}],"wp:term":[{"taxonomy":"category","embeddable":true,"href":"https:\/\/www.andacolloconectado.cl\/index.php\/wp-json\/wp\/v2\/categories?post=12466"},{"taxonomy":"post_tag","embeddable":true,"href":"https:\/\/www.andacolloconectado.cl\/index.php\/wp-json\/wp\/v2\/tags?post=12466"}],"curies":[{"name":"wp","href":"https:\/\/api.w.org\/{rel}","templated":true}]}}