{"id":12548,"date":"2022-04-04T14:26:28","date_gmt":"2022-04-04T14:26:28","guid":{"rendered":"http:\/\/www.andacolloconectado.cl\/?p=12548"},"modified":"2022-04-04T14:26:28","modified_gmt":"2022-04-04T14:26:28","slug":"santuario-de-andacollo-da-a-conocer-el-programa-de-semana-santa-2022","status":"publish","type":"post","link":"https:\/\/www.andacolloconectado.cl\/index.php\/santuario-de-andacollo-da-a-conocer-el-programa-de-semana-santa-2022\/","title":{"rendered":"Santuario de Andacollo da a conocer el programa de Semana Santa 2022"},"content":{"rendered":"<p>Desde el Santuario de Nuestra Se\u00f1ora del Rosario de Andacollo han informado acerca de las celebraciones lit\u00fargicas de Semana Santa, ya que este a\u00f1o se realizar\u00e1n de forma presencial porque el Plan Paso a Paso lo permite.<\/p>\n<p>Es as\u00ed que, los fieles y peregrinos de la Chinita podr\u00e1n participar en las actividades programadas desde el pr\u00f3ximo 10 de abril, entre las que destaca la Bendici\u00f3n de Ramos en Domingo Santo, la procesi\u00f3n del V\u00eda Crucis y el Encuentro de la Virgen con Jesucristo en la Plaza Videla.<\/p>\n<p>El detalle del Programa, que este a\u00f1o est\u00e1 dedicado a la Solidaridad con Ucrania, es el siguiente:<\/p>\n<p><strong>DOMINGO DE RAMOS (10 de abril)<\/strong><\/p>\n<p><em>\u201cEst\u00e1 en ustedes la decisi\u00f3n de gritar, est\u00e1 en ustedes decidirse por el Hosanna del domingo para no caer en el \u2018crucif\u00edcalo\u2019 del viernes\u201d. (Papa Francisco)<\/em><\/p>\n<p>11.00 \u2013 Bendici\u00f3n de Ramos y Misa (Templo parroquial)<\/p>\n<p>13.00 \u2013 Misa (Bas\u00edlica)<\/p>\n<p>19.00 \u2013 Misa<\/p>\n<p><strong>LUNES SANTO (11 de abril)<\/strong><\/p>\n<p><em>\u201cEst\u00e1 en ustedes no quedarse callados. Si los dem\u00e1s callan, si nosotros los mayores y los dirigentes callamos, si el mundo calla ante los corruptos y pierde alegr\u00eda, les pregunto: \u00bfUstedes gritar\u00e1n? Por favor, dec\u00eddanse antes de que griten las piedras.\u201d (Papa Francisco)<\/em><\/p>\n<p>18.00 \u2013 Confesiones (Templo parroquial)<\/p>\n<p>18.30 \u2013 Rosario<\/p>\n<p>19.00 \u2013 Misa<\/p>\n<p><strong>MARTES SANTO (12 de abril)<\/strong><\/p>\n<p><em>\u201cSolo Cristo puede sanarnos de la lepra del odio, el ego\u00edsmo, el orgullo, la codicia, la venganza, la idolatr\u00eda, solo \u00e9l puede volver a abrazarnos, devolvernos la dignidad filial y regocijarse por nuestro regreso a casa, a la vida.\u201d (Papa Francisco).<\/em><\/p>\n<p>18.00 \u2013 Confesiones<\/p>\n<p>18.30 \u2013 Rosario<\/p>\n<p>19.00 \u2013 Misa<\/p>\n<p><strong>MIERCOLES SANTO (13 de abril)<\/strong><\/p>\n<p><em>\u201cSigue inspirando, todav\u00eda hoy en d\u00eda, a muchas personas y pueblos a que solo el bien puede vencer al mal y la maldad, solo el perd\u00f3n puede acabar con el rencor y la venganza, solo el abrazo fraterno puede acabar con la hostilidad y el miedo en el otro\u201d. (Papa Francisco)<\/em><\/p>\n<p>19.00 \u2013 Misa<\/p>\n<p>18.30 \u2013 Rosario<\/p>\n<p>19.00 \u2013 Misa Crismal (Catedral La Serena)<\/p>\n<p><strong>JUEVES SANTO (14 de abril)<\/strong><\/p>\n<p><em>\u201cEs el disc\u00edpulo de hoy, enmudecido ante una realidad que se le impone haci\u00e9ndole sentir, y lo que es peor, creer que nada puede hacerse para revertir tantas injusticias que viven en su carne nuestros hermanos. Un disc\u00edpulo atolondrado por estar inmerso en una rutina aplastante que le roba la memoria, silencia la esperanza y lo habit\u00faa al \u2018siempre se ha hecho as\u00ed\u201d. (Papa Francisco)<\/em><\/p>\n<p>19.00 \u2013 Cena del Se\u00f1or y lavado de los pies<\/p>\n<p>\u2013 Adoraci\u00f3n del Sant\u00edsimo Sacramento<\/p>\n<p><strong>VIERNES SANTO (15 de abril)<\/strong><\/p>\n<p><em>\u201cSe\u00f1or Jes\u00fas, \u00a1danos siempre la gracia de la santa verg\u00fcenza que nos impregna por dejarte solo, sufriendo por nuestros pecados!\u201d. (Papa Francisco)<\/em><\/p>\n<p>19.00 \u2013 Liturgia de la Pasi\u00f3n y Muerte del Se\u00f1or<\/p>\n<p>\u2013 Descendimiento (atrio del Templo parroquial).<\/p>\n<p>\u2013 V\u00eda Crucis por las calles de la ciudad.<\/p>\n<p><strong>SABADO SANTO (16 de abril)<\/strong><\/p>\n<p><em>\u201cEn medio de nuestros silencios, cuando callamos tan contundentemente, entonces las piedras empiezan a gritar y a dejar espacio para el mayor anuncio que jam\u00e1s la historia haya podido contener en su seno: \u2018No est\u00e1 aqu\u00ed ha resucitado\u201d. (Papa Francisco)<\/em><\/p>\n<p>21.00 \u2013 Vigilia Pascual<\/p>\n<p>\u2013 Encuentro en la Plaza de la ciudad<\/p>\n<p><strong>DOMINGO DE LA RESURRECCI\u00d3N (17 de abril)<\/strong><\/p>\n<p><em>\u201cLa tumba vac\u00eda quiere desafiar, movilizar, cuestionar, pero especialmente quiere animarnos a creer y a confiar que Dios \u2018acontece\u2019 en cualquier situaci\u00f3n, en cualquier persona, y que su luz puede llegar a los rincones menos esperados y m\u00e1s cerrados de la existencia\u201d. (Papa Francisco)<\/em><\/p>\n<p>11.00 \u2013 Misa de la Pascua<\/p>\n<p>13.00 \u2013 Misa (Bas\u00edlica)<\/p>\n<p>19.00 \u2013 Misa<\/p>\n<p><strong>DOMINGO DE CUASIMODO (24 de abril)<\/strong><\/p>\n<p>\u201c<em>Celebrar la Pascua, es volver a creer que Dios irrumpe y no deja de irrumpir en nuestras historias desafiando nuestros \u2018conformantes\u2019 y paralizadores determinismos. Celebrar la Pascua es dejar que Jes\u00fas venza esa pusil\u00e1nime actitud que tantas veces nos rodea e intenta sepultar todo tipo de esperanza\u201d. (Papa Francisco)<\/em><\/p>\n<p>11.00 \u2013 Misa<\/p>\n<p>\u2013 Procesi\u00f3n de Cuasimodo\u00a0 para llevar la Comuni\u00f3n a los enfermos<\/p>\n<p>13.00 \u2013 Misa (Bas\u00edlica)<\/p>\n<p>19.00 \u2013 Misa<\/p>\n","protected":false},"excerpt":{"rendered":"<p>Desde el Santuario de Nuestra Se\u00f1ora del Rosario de Andacollo han informado acerca de las celebraciones lit\u00fargicas de Semana Santa, ya que este a\u00f1o se realizar\u00e1n de forma presencial porque el Plan Paso a Paso lo permite. Es as\u00ed que, los fieles y peregrinos de la Chinita podr\u00e1n participar en las actividades programadas desde el [&hellip;]<\/p>\n","protected":false},"author":3,"featured_media":0,"comment_status":"open","ping_status":"open","sticky":false,"template":"","format":"standard","meta":{"_acf_changed":false,"footnotes":""},"categories":[1],"tags":[112,59,310],"acf":[],"aioseo_notices":[],"_links":{"self":[{"href":"https:\/\/www.andacolloconectado.cl\/index.php\/wp-json\/wp\/v2\/posts\/12548"}],"collection":[{"href":"https:\/\/www.andacolloconectado.cl\/index.php\/wp-json\/wp\/v2\/posts"}],"about":[{"href":"https:\/\/www.andacolloconectado.cl\/index.php\/wp-json\/wp\/v2\/types\/post"}],"author":[{"embeddable":true,"href":"https:\/\/www.andacolloconectado.cl\/index.php\/wp-json\/wp\/v2\/users\/3"}],"replies":[{"embeddable":true,"href":"https:\/\/www.andacolloconectado.cl\/index.php\/wp-json\/wp\/v2\/comments?post=12548"}],"version-history":[{"count":1,"href":"https:\/\/www.andacolloconectado.cl\/index.php\/wp-json\/wp\/v2\/posts\/12548\/revisions"}],"predecessor-version":[{"id":12550,"href":"https:\/\/www.andacolloconectado.cl\/index.php\/wp-json\/wp\/v2\/posts\/12548\/revisions\/12550"}],"wp:attachment":[{"href":"https:\/\/www.andacolloconectado.cl\/index.php\/wp-json\/wp\/v2\/media?parent=12548"}],"wp:term":[{"taxonomy":"category","embeddable":true,"href":"https:\/\/www.andacolloconectado.cl\/index.php\/wp-json\/wp\/v2\/categories?post=12548"},{"taxonomy":"post_tag","embeddable":true,"href":"https:\/\/www.andacolloconectado.cl\/index.php\/wp-json\/wp\/v2\/tags?post=12548"}],"curies":[{"name":"wp","href":"https:\/\/api.w.org\/{rel}","templated":true}]}}