{"id":12556,"date":"2022-04-06T15:12:41","date_gmt":"2022-04-06T15:12:41","guid":{"rendered":"http:\/\/www.andacolloconectado.cl\/?p=12556"},"modified":"2022-04-06T15:12:41","modified_gmt":"2022-04-06T15:12:41","slug":"municipio-conmemora-el-dia-mundial-de-la-actividad-fisica-con-encuentros-deportivos-y-recreativos","status":"publish","type":"post","link":"https:\/\/www.andacolloconectado.cl\/index.php\/municipio-conmemora-el-dia-mundial-de-la-actividad-fisica-con-encuentros-deportivos-y-recreativos\/","title":{"rendered":"Municipio conmemora el d\u00eda mundial de la actividad f\u00edsica con encuentros deportivos y recreativos"},"content":{"rendered":"<p>Este mi\u00e9rcoles 6 de abril es el D\u00eda Mundial de la Actividad F\u00edsica, es por ello que el Municipio local a trav\u00e9s de la Oficina de Deportes ha organizado diferentes encuentros deportivos y recreativos para que participe toda la comunidad andacollina, desde los m\u00e1s peque\u00f1os hasta los adultos mayores.<\/p>\n<p>Son actividades que se desarrollar\u00e1n durante toda la semana, inici\u00e1ndose el pasado 3 de abril con un cuadrangular de voleibol femenino y masculino que cont\u00f3 con la participaci\u00f3n de los equipos del Taller municipal de Voleibol Andacollo, Central de Parabrisas de Coquimbo y TKLAS La Serena.<\/p>\n<p>El lunes fue el turno de los jardines infantiles Un mundo de Amor, Soles de Oro y Chispitas de Amor, instancia en que de manera practica y recreativa se busc\u00f3 incentivar en ni\u00f1as y ni\u00f1os un estilo de vida saludable, resaltando la importancia de la actividad f\u00edsica para su desarrollo motriz, intelectual y social.<\/p>\n<p>En tanto que, ayer martes se realiz\u00f3 una sesi\u00f3n de Step a cargo del monitor Cesar Henr\u00edquez Vega para los escolares de nuestra comuna, actividad desarrollada en las dependencias del Colegio Parroquial de Andacollo, Escuela Patricio Lynch,\u00a0Escuela San Lorenzo\u00a0y Liceo Bicentenario Pedro Regalo Videla.<\/p>\n<p>Para hoy mi\u00e9rcoles se contempla la realizaci\u00f3n de un partido amistoso entre un equipo de la Asociaci\u00f3n de F\u00fatbol de Andacollo y el Club Serena Norte, encuentro que se disputar\u00e1 a las 20.30 hrs. en el Estadio Municipal y cuya entrada es gratuita.<\/p>\n<p>Finalmente, el jueves y viernes ser\u00e1 el turno de los adultos mayores, quienes podr\u00e1n realizar actividad f\u00edsica con especialistas del \u00e1rea y el s\u00e1bado se har\u00e1 el cierre de la semana con un cuadrangular de baloncesto infantil organizado por el Taller Municipal de Basquetbol.<\/p>\n","protected":false},"excerpt":{"rendered":"<p>Este mi\u00e9rcoles 6 de abril es el D\u00eda Mundial de la Actividad F\u00edsica, es por ello que el Municipio local a trav\u00e9s de la Oficina de Deportes ha organizado diferentes encuentros deportivos y recreativos para que participe toda la comunidad andacollina, desde los m\u00e1s peque\u00f1os hasta los adultos mayores. Son actividades que se desarrollar\u00e1n durante [&hellip;]<\/p>\n","protected":false},"author":3,"featured_media":0,"comment_status":"open","ping_status":"open","sticky":false,"template":"","format":"standard","meta":{"_acf_changed":false,"footnotes":""},"categories":[1],"tags":[3487,358,1828,3486,3488],"acf":[],"aioseo_notices":[],"_links":{"self":[{"href":"https:\/\/www.andacolloconectado.cl\/index.php\/wp-json\/wp\/v2\/posts\/12556"}],"collection":[{"href":"https:\/\/www.andacolloconectado.cl\/index.php\/wp-json\/wp\/v2\/posts"}],"about":[{"href":"https:\/\/www.andacolloconectado.cl\/index.php\/wp-json\/wp\/v2\/types\/post"}],"author":[{"embeddable":true,"href":"https:\/\/www.andacolloconectado.cl\/index.php\/wp-json\/wp\/v2\/users\/3"}],"replies":[{"embeddable":true,"href":"https:\/\/www.andacolloconectado.cl\/index.php\/wp-json\/wp\/v2\/comments?post=12556"}],"version-history":[{"count":1,"href":"https:\/\/www.andacolloconectado.cl\/index.php\/wp-json\/wp\/v2\/posts\/12556\/revisions"}],"predecessor-version":[{"id":12558,"href":"https:\/\/www.andacolloconectado.cl\/index.php\/wp-json\/wp\/v2\/posts\/12556\/revisions\/12558"}],"wp:attachment":[{"href":"https:\/\/www.andacolloconectado.cl\/index.php\/wp-json\/wp\/v2\/media?parent=12556"}],"wp:term":[{"taxonomy":"category","embeddable":true,"href":"https:\/\/www.andacolloconectado.cl\/index.php\/wp-json\/wp\/v2\/categories?post=12556"},{"taxonomy":"post_tag","embeddable":true,"href":"https:\/\/www.andacolloconectado.cl\/index.php\/wp-json\/wp\/v2\/tags?post=12556"}],"curies":[{"name":"wp","href":"https:\/\/api.w.org\/{rel}","templated":true}]}}