{"id":12626,"date":"2022-05-03T15:05:20","date_gmt":"2022-05-03T15:05:20","guid":{"rendered":"http:\/\/www.andacolloconectado.cl\/?p=12626"},"modified":"2022-05-03T15:05:20","modified_gmt":"2022-05-03T15:05:20","slug":"alcalde-de-andacollo-entrego-cuenta-publica-destacando-avances-de-la-gestion-municipal-2021","status":"publish","type":"post","link":"https:\/\/www.andacolloconectado.cl\/index.php\/alcalde-de-andacollo-entrego-cuenta-publica-destacando-avances-de-la-gestion-municipal-2021\/","title":{"rendered":"Alcalde de Andacollo entreg\u00f3 Cuenta P\u00fablica destacando avances de la Gesti\u00f3n Municipal 2021"},"content":{"rendered":"<p>En una ceremonia realizada en el audit\u00f3rium del inmueble Ampliaci\u00f3n del Edificio Consistorial, el alcalde, Gerald Cerda Pizarro, dio Cuenta P\u00fablica de Gesti\u00f3n 2021 al Concejo Municipal, al Consejo de la Sociedad Civil y al Consejo de Seguridad de la comuna.<\/p>\n<p>En la oportunidad el edil dividi\u00f3 su presentaci\u00f3n en 7 ejes que integraban: Finanzas Municipales, Cultura y Turismo, Desarrollo Social, Medio Ambiente, Seguridad, Desarrollo Local y Fomento Productivo y por \u00faltimo Gesti\u00f3n Municipal. \u201cTratamos de generalizar cada uno de los puntos en 7 ejes fundamentales que tiene que ver con aspectos como las finanzas, el presupuesto, con el fomento productivo, con lo que se hace en la ruralidad, entre otros\u201d, coment\u00f3 el alcalde, Gerald Cerda.<\/p>\n<p>En el balance que realiz\u00f3 el alcalde andacollino, indic\u00f3 que se entregan mensualmente m\u00e1s de 400 subsidios de agua potable entre el \u00e1rea urbana y rural de la comuna. Tambi\u00e9n se\u00f1al\u00f3 que la cantidad de ingresos municipales lleg\u00f3 a los 3 mil 677 millones de pesos, mientras que los gastos ascendieron a los 3 mil 576 millones de la moneda nacional.<\/p>\n<p>Asimismo, el edil espera que gran parte de la comunidad local pueda leer la cuenta p\u00fablica, ya que se encuentra disponible en la direcci\u00f3n <a href=\"http:\/\/www.andacollochile.cl\">www.andacollochile.cl<\/a>. \u201cQuiero invitar a los andacollinos a que puedan tener acceso a la cuenta p\u00fablica completa y as\u00ed la descarguen en la p\u00e1gina web de la Municipalidad de Andacollo. Y de esta manera puedan visibilizarla. Son muchas las actividades e intentamos resumirlas para que la cuenta no fuera demasiado larga\u201d, expres\u00f3 la primera autoridad.<\/p>\n<p>En cuanto a la gesti\u00f3n alcaldicia, Gerald Cerda resalt\u00f3 los importantes hitos que tuvo la agenda alcaldicia en cuanto a reuniones, gestiones y ceremonias. Entre las cuales se destacan las visitas de la Seremi de Desarrollo Social y el Seremi de Bienes Nacionales a la comuna de Andacollo. Y en cuanto a las gestiones, sin lugar a dudas que concretar el Centro de Formaci\u00f3n T\u00e9cnica para la comuna es un punto muy importante.<\/p>\n<p>Al finalizar, la primera autoridad comunal agradeci\u00f3 a todos aquellos que trabajaron en realizar esta Cuenta P\u00fablica Gesti\u00f3n a\u00f1o 2021. \u201cQuiero agradecer a las autoridades y dirigentes vecinales por habernos acompa\u00f1ado y por sobre todo a la comunidad que nos sigui\u00f3 a trav\u00e9s de nuestros medios de comunicaci\u00f3n\u201d, concluy\u00f3 el alcalde.<\/p>\n","protected":false},"excerpt":{"rendered":"<p>En una ceremonia realizada en el audit\u00f3rium del inmueble Ampliaci\u00f3n del Edificio Consistorial, el alcalde, Gerald Cerda Pizarro, dio Cuenta P\u00fablica de Gesti\u00f3n 2021 al Concejo Municipal, al Consejo de la Sociedad Civil y al Consejo de Seguridad de la comuna. En la oportunidad el edil dividi\u00f3 su presentaci\u00f3n en 7 ejes que integraban: Finanzas [&hellip;]<\/p>\n","protected":false},"author":3,"featured_media":0,"comment_status":"open","ping_status":"open","sticky":false,"template":"","format":"standard","meta":{"_acf_changed":false,"footnotes":""},"categories":[1],"tags":[3509,3510,3218],"acf":[],"aioseo_notices":[],"_links":{"self":[{"href":"https:\/\/www.andacolloconectado.cl\/index.php\/wp-json\/wp\/v2\/posts\/12626"}],"collection":[{"href":"https:\/\/www.andacolloconectado.cl\/index.php\/wp-json\/wp\/v2\/posts"}],"about":[{"href":"https:\/\/www.andacolloconectado.cl\/index.php\/wp-json\/wp\/v2\/types\/post"}],"author":[{"embeddable":true,"href":"https:\/\/www.andacolloconectado.cl\/index.php\/wp-json\/wp\/v2\/users\/3"}],"replies":[{"embeddable":true,"href":"https:\/\/www.andacolloconectado.cl\/index.php\/wp-json\/wp\/v2\/comments?post=12626"}],"version-history":[{"count":1,"href":"https:\/\/www.andacolloconectado.cl\/index.php\/wp-json\/wp\/v2\/posts\/12626\/revisions"}],"predecessor-version":[{"id":12628,"href":"https:\/\/www.andacolloconectado.cl\/index.php\/wp-json\/wp\/v2\/posts\/12626\/revisions\/12628"}],"wp:attachment":[{"href":"https:\/\/www.andacolloconectado.cl\/index.php\/wp-json\/wp\/v2\/media?parent=12626"}],"wp:term":[{"taxonomy":"category","embeddable":true,"href":"https:\/\/www.andacolloconectado.cl\/index.php\/wp-json\/wp\/v2\/categories?post=12626"},{"taxonomy":"post_tag","embeddable":true,"href":"https:\/\/www.andacolloconectado.cl\/index.php\/wp-json\/wp\/v2\/tags?post=12626"}],"curies":[{"name":"wp","href":"https:\/\/api.w.org\/{rel}","templated":true}]}}