{"id":12639,"date":"2022-05-10T16:25:59","date_gmt":"2022-05-10T16:25:59","guid":{"rendered":"http:\/\/www.andacolloconectado.cl\/?p=12639"},"modified":"2022-05-10T16:25:59","modified_gmt":"2022-05-10T16:25:59","slug":"union-comunal-de-la-cultura-realizara-1er-cumbre-de-musica-urbana-en-sabado-14-de-mayo-en-sector-las-catanas","status":"publish","type":"post","link":"https:\/\/www.andacolloconectado.cl\/index.php\/union-comunal-de-la-cultura-realizara-1er-cumbre-de-musica-urbana-en-sabado-14-de-mayo-en-sector-las-catanas\/","title":{"rendered":"Uni\u00f3n Comunal de la Cultura realizar\u00e1 1er. Cumbre de M\u00fasica Urbana en s\u00e1bado 14 de mayo en sector Las Catanas"},"content":{"rendered":"<p>M\u00fasica en vivo, free style, tattoos y stickerds, realizaci\u00f3n de mural colectivo, feria artesanal y actividades familiares, ser\u00e1n parte de la \u201c<strong>1er. Cumbre de M\u00fasica Urbana\u201d<\/strong>, que se realizar\u00e1 este s\u00e1bado 14 de mayo, en el sector Las Catana, en el marco de las diferentes actividades que contempla el proyecto \u201cReactiva Cultura\u201d, que ejecuta la <strong>Uni\u00f3n Comunal de la Cultura de Andacollo<\/strong>.<\/p>\n<p>La Cumbre inicia a las 10.00 horas, con un grupo de artistas de la pintura urbana, tanto de la comuna como invitados de la Serena y Coquimbo, quienes realizar\u00e1n un lienzo representativo del concepto socio cultural de Andacollo; simult\u00e1neamente se pintar\u00e1n algunos muros, cedidos por vecinos aleda\u00f1os al lugar del evento.<\/p>\n<p>Paralelamente, durante la ma\u00f1ana se realizar\u00e1n batallas de rimas freestyle junto a diversos exponentes de la comuna y durante toda la jornada, habr\u00e1 m\u00fasica en vivo sobre el escenario, donde participar\u00e1n destacados artistas locales e invitados de la regi\u00f3n de Coquimbo; todos relacionados con la m\u00fasica urbana.<\/p>\n<p>En el free style estar\u00e1n: Duality, Flow Snow, KP, entre otros; en el escenario actuaran: Neutrone MC, Alexa Vicencio, Pablo de las Voces; Shogun Aka \u00cdgneo, desde La Serena y Fernando Mix DJ; en la pintura estar\u00e1n: Letrone, Nacho \u00c1lvarez, Dust Crayones y Maykel de Andacollo, adem\u00e1s invitados especiales.<\/p>\n<p>La actividad es producida por <strong>Vicente Godoy Contreras<\/strong>; artista y dirigente cultural de Andacollo quien nos informa que: \u201c<em>habr\u00e1 distintas actividades para la familia, entre los que se encuentra la recuperaci\u00f3n de esta \u00e1rea verde, que existe en el lugar del evento y se instalar\u00e1 una peque\u00f1a feria artesanal, junto a algunos productores locales y algunos tattos y stickers.\u201d<\/em><\/p>\n<p>Por su parte,<strong> Dilan Valenzuela<\/strong>, presidente de la UCCultura, destac\u00f3 que: <em>\u201cLa idea es hacer part\u00edcipes a todos quienes apuesten por la cultura local, organizaciones, dirigentes, artistas; seguir concretando objetivos y actividades, con el fin de brindar una agenda nutrida en distintas \u00e1reas de las culturas y las artes, para que toda la comunidad sea protagonista del quehacer cultural\u201d.<\/em><\/p>\n<p>La la <strong>1er. Cumbre de M\u00fasica Urbana, <\/strong>es parte del proyecto Reactiva Cultura, patrocinado por la Municipalidad de Andacollo y financiado a trav\u00e9s, de los Fondos de la Mesa Comunidad Andacollo Teck, espacio de participaci\u00f3n comunitaria donde se definen, parte de los fondos de responsabilidad empresarial, de la Compa\u00f1\u00eda Minera Teck.<\/p>\n<p><em>\u00a0<\/em><\/p>\n","protected":false},"excerpt":{"rendered":"<p>M\u00fasica en vivo, free style, tattoos y stickerds, realizaci\u00f3n de mural colectivo, feria artesanal y actividades familiares, ser\u00e1n parte de la \u201c1er. Cumbre de M\u00fasica Urbana\u201d, que se realizar\u00e1 este s\u00e1bado 14 de mayo, en el sector Las Catana, en el marco de las diferentes actividades que contempla el proyecto \u201cReactiva Cultura\u201d, que ejecuta la [&hellip;]<\/p>\n","protected":false},"author":3,"featured_media":0,"comment_status":"open","ping_status":"open","sticky":false,"template":"","format":"standard","meta":{"_acf_changed":false,"footnotes":""},"categories":[1],"tags":[3514,329,752,135],"acf":[],"aioseo_notices":[],"_links":{"self":[{"href":"https:\/\/www.andacolloconectado.cl\/index.php\/wp-json\/wp\/v2\/posts\/12639"}],"collection":[{"href":"https:\/\/www.andacolloconectado.cl\/index.php\/wp-json\/wp\/v2\/posts"}],"about":[{"href":"https:\/\/www.andacolloconectado.cl\/index.php\/wp-json\/wp\/v2\/types\/post"}],"author":[{"embeddable":true,"href":"https:\/\/www.andacolloconectado.cl\/index.php\/wp-json\/wp\/v2\/users\/3"}],"replies":[{"embeddable":true,"href":"https:\/\/www.andacolloconectado.cl\/index.php\/wp-json\/wp\/v2\/comments?post=12639"}],"version-history":[{"count":1,"href":"https:\/\/www.andacolloconectado.cl\/index.php\/wp-json\/wp\/v2\/posts\/12639\/revisions"}],"predecessor-version":[{"id":12641,"href":"https:\/\/www.andacolloconectado.cl\/index.php\/wp-json\/wp\/v2\/posts\/12639\/revisions\/12641"}],"wp:attachment":[{"href":"https:\/\/www.andacolloconectado.cl\/index.php\/wp-json\/wp\/v2\/media?parent=12639"}],"wp:term":[{"taxonomy":"category","embeddable":true,"href":"https:\/\/www.andacolloconectado.cl\/index.php\/wp-json\/wp\/v2\/categories?post=12639"},{"taxonomy":"post_tag","embeddable":true,"href":"https:\/\/www.andacolloconectado.cl\/index.php\/wp-json\/wp\/v2\/tags?post=12639"}],"curies":[{"name":"wp","href":"https:\/\/api.w.org\/{rel}","templated":true}]}}