{"id":12663,"date":"2022-05-18T19:11:44","date_gmt":"2022-05-18T19:11:44","guid":{"rendered":"http:\/\/www.andacolloconectado.cl\/?p=12663"},"modified":"2022-05-18T19:11:44","modified_gmt":"2022-05-18T19:11:44","slug":"representantes-de-bailes-religiosos-del-cacicado-de-andacollo-participan-en-talleres-de-guia-y-cuidado-de-la-infancia","status":"publish","type":"post","link":"https:\/\/www.andacolloconectado.cl\/index.php\/representantes-de-bailes-religiosos-del-cacicado-de-andacollo-participan-en-talleres-de-guia-y-cuidado-de-la-infancia\/","title":{"rendered":"Representantes de Bailes Religiosos del Cacicado de Andacollo participan en talleres de Gu\u00eda y Cuidado de la infancia"},"content":{"rendered":"<p>Hasta la ciudad de Vicu\u00f1a se trasladaron los jefes e integrantes de Bailes Religiosos que pertenecen a las zonales de Andacollo, La Higuera, La Serena, Coquimbo, Elqui y Limar\u00ed, con motivo de trabajar en forma paralela la Prevenci\u00f3n de Abusos en la formaci\u00f3n de la Integridad en el Servicio Eclesial (ISE) y el Proceso Sinodal con la din\u00e1mica \u201cD\u00e9mosle otra vuelta\u201d.<\/p>\n<p>&nbsp;<\/p>\n<p><strong>Piedad Popular en ambientes sanos<\/strong><\/p>\n<p>\u201cParticiparon 95 jefes de bailes religiosos, adscritos al Santuario de Andacollo. En la ocasi\u00f3n, revisamos las L\u00edneas Gu\u00eda Cuidado y Esperanza de la Conferencia Episcopal de Chile, respecto a la protecci\u00f3n a ni\u00f1os, ni\u00f1as y adolescentes; la integridad en el ministerio sacerdotal y el compromiso con la transparencia y la responsabilidad que todos tenemos en este aspecto. Para nosotros es un tema latente, porque al interior de nuestras instituciones tenemos personas menores de 18 a\u00f1os, adultos mayores e integrantes en situaci\u00f3n de discapacidad, por lo que es una preocupaci\u00f3n constante en la cual debemos colaborar constantemente con la Iglesia\u201d, explic\u00f3 Carolina Rojas, secretaria cacical de los Bailes Religiosos del Santuario de Andacollo.<\/p>\n<p>En la ocasi\u00f3n, el taller de prevenci\u00f3n estuvo a cargo del Consejo de Prevenci\u00f3n de Abusos y Acompa\u00f1amiento a V\u00edctimas de la Arquidi\u00f3cesis de La Serena, que cont\u00f3 con las exposiciones de la coordinadora, Hna. Marlene N\u00fa\u00f1ez, y los formadores Fresia Flores, El\u00edas Alcayaga y Javier Cort\u00e9s.<\/p>\n<p>\u201cLa importancia es, en primer lugar, generar una cultura de prevenci\u00f3n a nivel de todas las instancias de comunidades eclesiales. En este caso fue muy significativo, ya que naci\u00f3 desde una solicitud por parte de las agrupaciones de religiosidad popular, particularmente de sus dirigentes. En el taller se trat\u00f3 de contextuar lo que significa prevenci\u00f3n y caminar hacia la construcci\u00f3n de ambientes sanos, mediante las buenas pr\u00e1cticas y conociendo documentos claves\u201d, destac\u00f3 Javier Cort\u00e9s, encargado de formaci\u00f3n en el mencionado Consejo.<\/p>\n<p>&nbsp;<\/p>\n<p><strong>Danzando y caminando juntos<\/strong><\/p>\n<p>Adem\u00e1s, en el encuentro se trabaj\u00f3 en torno a la din\u00e1mica \u201cD\u00e9mosle otra vuelta\u201d, a cargo del Consejo Pastoral Arquidiocesano, quienes actualmente se encuentran trabajando en diferentes comunidades de la zona respecto al proceso Sinodal.<\/p>\n<p>&nbsp;<\/p>\n<p>El di\u00e1cono permanente Marcos Rojas, integrante del equipo pastoral, indic\u00f3 que \u201ces la l\u00ednea metodol\u00f3gica que se ha estado utilizando para participar en este encuentro de escucha y di\u00e1logo, con diversas comunidades que forman parte de la Iglesia. Esto nos ayuda a profundizar temas que se han ido recogiendo a lo largo del tiempo, particularmente en el informe de sistematizaci\u00f3n, con ocasi\u00f3n de reflexionar los que han sido m\u00e1s cr\u00edticos en el marco de la crisis eclesial. Ha sido importante escuchar el sentir de las personas que participan, abri\u00e9ndoles la oportunidad de compartir desde el coraz\u00f3n sus vivencias\u201d.<\/p>\n<p>El trabajo fue bien valorado entre los integrantes de la Comisi\u00f3n Arquidiocesana de Pastoral de Bailes Religiosos, ya que \u201cfue una experiencia bastante grata, porque adem\u00e1s de expresar lo que uno pensaba frente a las distintas tem\u00e1ticas que propone la din\u00e1mica, est\u00e1 la oportunidad de escuchar los aportes de otras realidades a nivel arquidiocesano, lo que favorece a tener un mejor discernimiento frente a lo expuesto\u201d, manifest\u00f3 Eduardo Herrera.<\/p>\n","protected":false},"excerpt":{"rendered":"<p>Hasta la ciudad de Vicu\u00f1a se trasladaron los jefes e integrantes de Bailes Religiosos que pertenecen a las zonales de Andacollo, La Higuera, La Serena, Coquimbo, Elqui y Limar\u00ed, con motivo de trabajar en forma paralela la Prevenci\u00f3n de Abusos en la formaci\u00f3n de la Integridad en el Servicio Eclesial (ISE) y el Proceso Sinodal [&hellip;]<\/p>\n","protected":false},"author":3,"featured_media":0,"comment_status":"open","ping_status":"open","sticky":false,"template":"","format":"standard","meta":{"_acf_changed":false,"footnotes":""},"categories":[1],"tags":[322,3527],"acf":[],"aioseo_notices":[],"_links":{"self":[{"href":"https:\/\/www.andacolloconectado.cl\/index.php\/wp-json\/wp\/v2\/posts\/12663"}],"collection":[{"href":"https:\/\/www.andacolloconectado.cl\/index.php\/wp-json\/wp\/v2\/posts"}],"about":[{"href":"https:\/\/www.andacolloconectado.cl\/index.php\/wp-json\/wp\/v2\/types\/post"}],"author":[{"embeddable":true,"href":"https:\/\/www.andacolloconectado.cl\/index.php\/wp-json\/wp\/v2\/users\/3"}],"replies":[{"embeddable":true,"href":"https:\/\/www.andacolloconectado.cl\/index.php\/wp-json\/wp\/v2\/comments?post=12663"}],"version-history":[{"count":1,"href":"https:\/\/www.andacolloconectado.cl\/index.php\/wp-json\/wp\/v2\/posts\/12663\/revisions"}],"predecessor-version":[{"id":12665,"href":"https:\/\/www.andacolloconectado.cl\/index.php\/wp-json\/wp\/v2\/posts\/12663\/revisions\/12665"}],"wp:attachment":[{"href":"https:\/\/www.andacolloconectado.cl\/index.php\/wp-json\/wp\/v2\/media?parent=12663"}],"wp:term":[{"taxonomy":"category","embeddable":true,"href":"https:\/\/www.andacolloconectado.cl\/index.php\/wp-json\/wp\/v2\/categories?post=12663"},{"taxonomy":"post_tag","embeddable":true,"href":"https:\/\/www.andacolloconectado.cl\/index.php\/wp-json\/wp\/v2\/tags?post=12663"}],"curies":[{"name":"wp","href":"https:\/\/api.w.org\/{rel}","templated":true}]}}