{"id":12779,"date":"2022-06-17T19:18:02","date_gmt":"2022-06-17T19:18:02","guid":{"rendered":"http:\/\/www.andacolloconectado.cl\/?p=12779"},"modified":"2022-06-17T19:18:21","modified_gmt":"2022-06-17T19:18:21","slug":"12779","status":"publish","type":"post","link":"https:\/\/www.andacolloconectado.cl\/index.php\/12779\/","title":{"rendered":"Autoridad sanitaria en alerta por incremento de consultas respiratorias en urgencia"},"content":{"rendered":"<p><em>Por su parte, 2.527 casos de Covid-19 se encuentran activos a nivel regional.<\/em><\/p>\n<p>&nbsp;<\/p>\n<p>Alta demanda en urgencias por consultas m\u00e9dicas y 802 casos nuevos de Covid-19 en la regi\u00f3n, mantiene en alerta a la Autoridad Sanitaria, en un nuevo balance con la situaci\u00f3n regional del Covid-19.<\/p>\n<p>Seg\u00fan detall\u00f3 la Seremi de Salud Paola Salas, \u201ctener esta alza tan grande es realmente intranquilizador, la curva va en ascenso de forma muy r\u00e1pida, debemos concientizar lo que est\u00e1 pasando con el virus\u201d, explic\u00f3.<\/p>\n<p>Otro importante dato que preocupa a la Seremi de Salud, tiene relaci\u00f3n con el comportamiento de la Red Asistencial, \u201clas consultas de urgencia en el a\u00f1o 2019 eran en promedio 500 casos diarios por enfermedades respiratorias y hoy, en la misma fecha, pero a\u00f1o 2022, tenemos 3.000 que est\u00e1n siendo atendidas por atenci\u00f3n primaria y hospitales\u201d, indic\u00f3.<\/p>\n<p>Por otra parte, la Dra. Salas agreg\u00f3, \u201choy tenemos una positividad de un 15.75%, cifra que me resulta inquietante, es decir, el virus se est\u00e1 expandiendo de una manera muy r\u00e1pida, ya que en la \u00faltima semana la variante \u00d3micron es la predominante en un 88% a nivel regional\u201d, finaliz\u00f3.<\/p>\n<p>&nbsp;<\/p>\n<p>Balance Sanitario<\/p>\n<p>En el reporte sanitario de este 17 de junio, se notificaron 802 casos nuevos de Covid_19, los cuales corresponden 189 a La Serena, 222 de Coquimbo, 5 de Andacollo, 3 de La Higuera, 2 de Paihuano, 19 de Vicu\u00f1a, 56 de Illapel, 7 de Canela, 20 de Los Vilos, 45 de Salamanca, 88 de Ovalle, 4 de Combarbal\u00e1, 13 de Monte Patria, 6 de Punitaqui, 5 de R\u00edo Hurtado, 9 de otra regi\u00f3n y 109 sin notificar. Con esto, la regi\u00f3n alcanza los 139.137 casos acumulados, con 2.527 casos activos.<\/p>\n","protected":false},"excerpt":{"rendered":"<p>Por su parte, 2.527 casos de Covid-19 se encuentran activos a nivel regional. &nbsp; Alta demanda en urgencias por consultas m\u00e9dicas y 802 casos nuevos de Covid-19 en la regi\u00f3n, mantiene en alerta a la Autoridad Sanitaria, en un nuevo balance con la situaci\u00f3n regional del Covid-19. Seg\u00fan detall\u00f3 la Seremi de Salud Paola Salas, [&hellip;]<\/p>\n","protected":false},"author":3,"featured_media":0,"comment_status":"open","ping_status":"open","sticky":false,"template":"","format":"standard","meta":{"_acf_changed":false,"footnotes":""},"categories":[1],"tags":[3576,3375,2810,2964],"acf":[],"aioseo_notices":[],"_links":{"self":[{"href":"https:\/\/www.andacolloconectado.cl\/index.php\/wp-json\/wp\/v2\/posts\/12779"}],"collection":[{"href":"https:\/\/www.andacolloconectado.cl\/index.php\/wp-json\/wp\/v2\/posts"}],"about":[{"href":"https:\/\/www.andacolloconectado.cl\/index.php\/wp-json\/wp\/v2\/types\/post"}],"author":[{"embeddable":true,"href":"https:\/\/www.andacolloconectado.cl\/index.php\/wp-json\/wp\/v2\/users\/3"}],"replies":[{"embeddable":true,"href":"https:\/\/www.andacolloconectado.cl\/index.php\/wp-json\/wp\/v2\/comments?post=12779"}],"version-history":[{"count":2,"href":"https:\/\/www.andacolloconectado.cl\/index.php\/wp-json\/wp\/v2\/posts\/12779\/revisions"}],"predecessor-version":[{"id":12782,"href":"https:\/\/www.andacolloconectado.cl\/index.php\/wp-json\/wp\/v2\/posts\/12779\/revisions\/12782"}],"wp:attachment":[{"href":"https:\/\/www.andacolloconectado.cl\/index.php\/wp-json\/wp\/v2\/media?parent=12779"}],"wp:term":[{"taxonomy":"category","embeddable":true,"href":"https:\/\/www.andacolloconectado.cl\/index.php\/wp-json\/wp\/v2\/categories?post=12779"},{"taxonomy":"post_tag","embeddable":true,"href":"https:\/\/www.andacolloconectado.cl\/index.php\/wp-json\/wp\/v2\/tags?post=12779"}],"curies":[{"name":"wp","href":"https:\/\/api.w.org\/{rel}","templated":true}]}}