{"id":12834,"date":"2022-07-07T15:44:00","date_gmt":"2022-07-07T15:44:00","guid":{"rendered":"http:\/\/www.andacolloconectado.cl\/?p=12834"},"modified":"2022-07-07T15:44:00","modified_gmt":"2022-07-07T15:44:00","slug":"abren-postulaciones-para-acceder-a-fondo-editorial-y-de-orquestas-infanto-juveniles","status":"publish","type":"post","link":"https:\/\/www.andacolloconectado.cl\/index.php\/abren-postulaciones-para-acceder-a-fondo-editorial-y-de-orquestas-infanto-juveniles\/","title":{"rendered":"Abren postulaciones para acceder a Fondo Editorial y de Orquestas Infanto-Juveniles"},"content":{"rendered":"<p>En la Plaza de Armas de La Serena se realiz\u00f3 el lanzamiento oficial de los fondos concursables para que escritores y bandas de orquestas infanto-juveniles puedan postular a los $200 millones que dispuso el Gobierno Regional para este a\u00f1o.<\/p>\n<p>El plazo para acceder a estos recursos ser\u00e1 hasta el 30 de octubre y se facilitar\u00e1 la postulaci\u00f3n al adoptar el sistema de ventanilla abierta, permitiendo la presentaci\u00f3n de proyectos desde la apertura del concurso hasta que se agoten los recursos. Las bases para las organizaciones que cumplan con los requisitos ya est\u00e1n disponibles en la p\u00e1gina web oficial: www.gorecoquimbo.cl<\/p>\n<p>Seg\u00fan la gobernadora regional, Krist Naranjo, este a\u00f1o como Gobierno Regional, \u201chemos adjudicado bastante presupuesto para fortalecer la cultura de nuestra regi\u00f3n, m\u00e1s de $1.300 millones en una primera etapa y ahora sumamos tambi\u00e9n m\u00e1s de $200 millones para estas \u00e1reas y poder fortalecer a nuestras organizaciones sociales. Desde hoy, damos el vamos e invitamos a todas las agrupaciones del \u00e1rea de literatura y tambi\u00e9n las bandas que existen en nuestra regi\u00f3n a que postulen a estos fondos concursables\u201d.<\/p>\n<p>Por su parte, la consejera regional y presidenta de la comisi\u00f3n de Educaci\u00f3n y Cultura, Tatiana Cort\u00e9s, inst\u00f3 a la participaci\u00f3n y postulaci\u00f3n y entreg\u00f3 detalles de los plazos y el proceso.<\/p>\n<p>\u201cHacemos un llamado a todas las organizaciones y, sobre todo, a los escritores a atreverse a participar de estos fondos que vienen cada vez m\u00e1s flexibles y que son parte de un 7% del FNDR, que se va a distribuir en distintas l\u00edneas. Los escritores u organizaciones de escritores pueden participar con personalidad jur\u00eddica hasta a $8 millones, mientras que las bandas y orquestas infanto-juveniles pueden hacerlo hasta un monto de $10 millones, postulaciones abiertas hasta el 30 de octubre o hasta que se agoten los recursos, a trav\u00e9s de ventanilla abierta\u201d, detall\u00f3.<\/p>\n<p><strong>Fondo para Orquestas Infanto-Juveniles<\/strong><\/p>\n<p>El Fondo de Inter\u00e9s Regional de Bandas y Orquestas Infanto-Juveniles 2022 otorgar\u00e1 recursos a bandas y orquestas formalmente constituidas en la regi\u00f3n, financiando actividades de promoci\u00f3n, perfeccionamiento y adquisici\u00f3n de equipamiento.<\/p>\n<p>Para el profesor Antonio G\u00e1lvez, director de Orquesta y Coro de la Orquesta Sinf\u00f3nico Latinoamericana Centro Cultural San Francisco de La Serena, \u201cpara las agrupaciones como nosotros que somos aut\u00f3nomos esto es un impulso tremendo para poder gestionar para poder seguir subsistiendo durante el a\u00f1o\u201d.<\/p>\n<p>Se entender\u00e1 por \u201corquestas infanto-juveniles\u201d a las agrupaciones musicales que tengan un n\u00famero m\u00ednimo de 12 instrumentistas; est\u00e9n integradas por ni\u00f1os o j\u00f3venes de hasta 29 a\u00f1os; toquen instrumentos de cuerda frotada (con presencia de violines y violoncellos), e incorporen, idealmente, instrumentos de viento y percusi\u00f3n. En este sentido, se trata de agrupaciones ya constituidas, descartando proyectos para la creaci\u00f3n de nuevas bandas y orquestas.<\/p>\n<p>Las postulaciones a esta l\u00ednea alcanzan un m\u00e1ximo de $10 millones por proyecto y podr\u00e1n financiar gastos asociados a la producci\u00f3n de presentaciones musicales; giras (dentro o fuera de la regi\u00f3n); grabaci\u00f3n y publicaci\u00f3n de producciones musicales; confecci\u00f3n de materiales de difusi\u00f3n; contrataci\u00f3n de monitores para la dictaci\u00f3n de cursos de perfeccionamiento; traslado, estad\u00eda y\/o alimentaci\u00f3n asociados a la participaci\u00f3n de directores e integrantes de bandas y orquestas en cursos, premiaciones y eventos; adquisici\u00f3n de instrumentos musicales, insumos y equipos; contrataci\u00f3n de servicios de reparaci\u00f3n y\/o afinaci\u00f3n de instrumentos.<\/p>\n<p>&nbsp;<\/p>\n<p><strong>Fondo de Inter\u00e9s Regional Editorial<\/strong><\/p>\n<p>El Fondo de Inter\u00e9s Regional Editorial 2022 privilegiar\u00e1 la publicaci\u00f3n de obras nuevas por sobre la reedici\u00f3n de textos ya existentes, de manera de estimular la creaci\u00f3n literaria. Se espera dar cabida a obras en toda clase de g\u00e9neros literarios, incluyendo \u00e1reas novedosas en la regi\u00f3n, como historieta o literatura infantil.<\/p>\n<p>Para la profesora Susana Rigollet, presidenta del C\u00edrculo Literario Carlos Mondaca, estos fondos \u201cson important\u00edsimos para la creatividad en la regi\u00f3n, hay muchos escritores que en estos a\u00f1os de pandemia han estado elaborando sus libros, sabemos que cuesta editar en forma personal, por eso estas postulaciones a estos fondos me parece muy importante que se realicen\u201d.<\/p>\n<p>Las postulaciones a esta l\u00ednea alcanzan un m\u00e1ximo de $8 millones por proyecto y podr\u00e1n considerar gastos asociados a las actividades de creaci\u00f3n literaria (investigaci\u00f3n, documentaci\u00f3n), pre-edici\u00f3n (revisi\u00f3n de antecedentes) y edici\u00f3n (correcci\u00f3n de textos, dise\u00f1o gr\u00e1fico, servicios de impresi\u00f3n y otros afines, incluyendo la traducci\u00f3n de textos originales a otros idiomas).<\/p>\n<p>Finalmente es importante se\u00f1alar que las iniciativas postuladas podr\u00e1n ser corregidas y mejoradas despu\u00e9s de su revisi\u00f3n t\u00e9cnica. Con estas innovaciones se espera remediar algunas de las limitaciones m\u00e1s importantes del Fondo de Cultura Tradicional Privado, en el cual las postulaciones se circunscriben a un plazo acotado y espec\u00edfico, y no admiten mejoras ni correcciones una vez recibidas.<\/p>\n","protected":false},"excerpt":{"rendered":"<p>En la Plaza de Armas de La Serena se realiz\u00f3 el lanzamiento oficial de los fondos concursables para que escritores y bandas de orquestas infanto-juveniles puedan postular a los $200 millones que dispuso el Gobierno Regional para este a\u00f1o. El plazo para acceder a estos recursos ser\u00e1 hasta el 30 de octubre y se facilitar\u00e1 [&hellip;]<\/p>\n","protected":false},"author":3,"featured_media":0,"comment_status":"open","ping_status":"open","sticky":false,"template":"","format":"standard","meta":{"_acf_changed":false,"footnotes":""},"categories":[1],"tags":[3607,89,3608,3609,1369],"acf":[],"aioseo_notices":[],"_links":{"self":[{"href":"https:\/\/www.andacolloconectado.cl\/index.php\/wp-json\/wp\/v2\/posts\/12834"}],"collection":[{"href":"https:\/\/www.andacolloconectado.cl\/index.php\/wp-json\/wp\/v2\/posts"}],"about":[{"href":"https:\/\/www.andacolloconectado.cl\/index.php\/wp-json\/wp\/v2\/types\/post"}],"author":[{"embeddable":true,"href":"https:\/\/www.andacolloconectado.cl\/index.php\/wp-json\/wp\/v2\/users\/3"}],"replies":[{"embeddable":true,"href":"https:\/\/www.andacolloconectado.cl\/index.php\/wp-json\/wp\/v2\/comments?post=12834"}],"version-history":[{"count":1,"href":"https:\/\/www.andacolloconectado.cl\/index.php\/wp-json\/wp\/v2\/posts\/12834\/revisions"}],"predecessor-version":[{"id":12836,"href":"https:\/\/www.andacolloconectado.cl\/index.php\/wp-json\/wp\/v2\/posts\/12834\/revisions\/12836"}],"wp:attachment":[{"href":"https:\/\/www.andacolloconectado.cl\/index.php\/wp-json\/wp\/v2\/media?parent=12834"}],"wp:term":[{"taxonomy":"category","embeddable":true,"href":"https:\/\/www.andacolloconectado.cl\/index.php\/wp-json\/wp\/v2\/categories?post=12834"},{"taxonomy":"post_tag","embeddable":true,"href":"https:\/\/www.andacolloconectado.cl\/index.php\/wp-json\/wp\/v2\/tags?post=12834"}],"curies":[{"name":"wp","href":"https:\/\/api.w.org\/{rel}","templated":true}]}}