{"id":12973,"date":"2022-08-18T18:35:16","date_gmt":"2022-08-18T18:35:16","guid":{"rendered":"http:\/\/www.andacolloconectado.cl\/?p=12973"},"modified":"2022-08-18T18:43:26","modified_gmt":"2022-08-18T18:43:26","slug":"ya-se-encuentran-disponibles-los-resultados-de-la-postulacion-a-la-beca-futuro-andacollo-que-entrega-teck-cda","status":"publish","type":"post","link":"https:\/\/www.andacolloconectado.cl\/index.php\/ya-se-encuentran-disponibles-los-resultados-de-la-postulacion-a-la-beca-futuro-andacollo-que-entrega-teck-cda\/","title":{"rendered":"Ya se encuentran disponibles los resultados de la postulaci\u00f3n a la Beca Futuro Andacollo que entrega Teck CDA"},"content":{"rendered":"<p><strong><em>Los y las j\u00f3venes beneficiados recibir\u00e1n una asignaci\u00f3n directa la que podr\u00e1n utilizar a libre disposici\u00f3n de acuerdo con las necesidades de cada caso. El presupuesto total para el aporte es de $26.700.000 los que se distribuir\u00e1n entre quienes resulten seleccionados.<\/em><\/strong><\/p>\n<p><strong>Andacollo.-<\/strong> La \u00faltima semana de julio finalizaron las postulaciones para la Beca Futuro Andacollo de Teck 2022, instancia establecida para apoyar a estudiantes de la comuna que est\u00e9n cursando carreras t\u00e9cnicas o profesionales de instituciones reconocidas por el Estado.<\/p>\n<p>En la presente edici\u00f3n, postularon 265 estudiantes de los cuales 178 han sido beneficiados. En el desglose, se detalla que, 121 corresponden a mujeres (67%), lo que deja de manifiesto un consolidado protagonismo en lo relativo al desarrollo cultural, acad\u00e9mico y laboral de la comuna de Andacollo. Cabe destacar, adem\u00e1s, que 12 beneficiarios son de procedencia rural.<\/p>\n<p>Paulo Barraza, gerente de Gesti\u00f3n Comunitaria de Teck Carmen de Andacollo (CDA), valor\u00f3 la entrega de estos aportes y sostuvo que \u201ceste es un reconocimiento a todo el esfuerzo que realizan tanto los estudiantes como sus familias. Esperamos que este beneficio sea significativo en el desarrollo de cada uno de los y las j\u00f3venes porque son los futuros profesionales que tendr\u00e1 nuestra comuna\u201d, afirm\u00f3.<\/p>\n<p>Dentro de los beneficiados, se detalla que 81 corresponden a carreras impartidas por universidades y 97 a centros de formaci\u00f3n t\u00e9cnica e institutos profesionales, se\u00f1alando que las carreras que m\u00e1s se repiten son derecho, ingenier\u00edas, medicina veterinaria, odontolog\u00eda, bioqu\u00edmica y astronom\u00eda, entre otras.<\/p>\n<p>A continuaci\u00f3n, el detalle de los beneficiados:<\/p>\n<p><a href=\"http:\/\/www.andacolloconectado.cl\/wp-content\/uploads\/2022\/08\/Captura-de-pantalla-2022-08-18-153233.jpg\"><img loading=\"lazy\" decoding=\"async\" class=\"aligncenter size-full wp-image-12974\" src=\"http:\/\/www.andacolloconectado.cl\/wp-content\/uploads\/2022\/08\/Captura-de-pantalla-2022-08-18-153233.jpg\" alt=\"Captura de pantalla 2022-08-18 153233\" width=\"336\" height=\"477\" srcset=\"https:\/\/www.andacolloconectado.cl\/wp-content\/uploads\/2022\/08\/Captura-de-pantalla-2022-08-18-153233.jpg 336w, https:\/\/www.andacolloconectado.cl\/wp-content\/uploads\/2022\/08\/Captura-de-pantalla-2022-08-18-153233-211x300.jpg 211w\" sizes=\"(max-width: 336px) 100vw, 336px\" \/><\/a><\/p>\n","protected":false},"excerpt":{"rendered":"<p>Los y las j\u00f3venes beneficiados recibir\u00e1n una asignaci\u00f3n directa la que podr\u00e1n utilizar a libre disposici\u00f3n de acuerdo con las necesidades de cada caso. El presupuesto total para el aporte es de $26.700.000 los que se distribuir\u00e1n entre quienes resulten seleccionados. Andacollo.- La \u00faltima semana de julio finalizaron las postulaciones para la Beca Futuro Andacollo [&hellip;]<\/p>\n","protected":false},"author":3,"featured_media":0,"comment_status":"open","ping_status":"open","sticky":false,"template":"","format":"standard","meta":{"_acf_changed":false,"footnotes":""},"categories":[1],"tags":[3663,212],"acf":[],"aioseo_notices":[],"_links":{"self":[{"href":"https:\/\/www.andacolloconectado.cl\/index.php\/wp-json\/wp\/v2\/posts\/12973"}],"collection":[{"href":"https:\/\/www.andacolloconectado.cl\/index.php\/wp-json\/wp\/v2\/posts"}],"about":[{"href":"https:\/\/www.andacolloconectado.cl\/index.php\/wp-json\/wp\/v2\/types\/post"}],"author":[{"embeddable":true,"href":"https:\/\/www.andacolloconectado.cl\/index.php\/wp-json\/wp\/v2\/users\/3"}],"replies":[{"embeddable":true,"href":"https:\/\/www.andacolloconectado.cl\/index.php\/wp-json\/wp\/v2\/comments?post=12973"}],"version-history":[{"count":2,"href":"https:\/\/www.andacolloconectado.cl\/index.php\/wp-json\/wp\/v2\/posts\/12973\/revisions"}],"predecessor-version":[{"id":12978,"href":"https:\/\/www.andacolloconectado.cl\/index.php\/wp-json\/wp\/v2\/posts\/12973\/revisions\/12978"}],"wp:attachment":[{"href":"https:\/\/www.andacolloconectado.cl\/index.php\/wp-json\/wp\/v2\/media?parent=12973"}],"wp:term":[{"taxonomy":"category","embeddable":true,"href":"https:\/\/www.andacolloconectado.cl\/index.php\/wp-json\/wp\/v2\/categories?post=12973"},{"taxonomy":"post_tag","embeddable":true,"href":"https:\/\/www.andacolloconectado.cl\/index.php\/wp-json\/wp\/v2\/tags?post=12973"}],"curies":[{"name":"wp","href":"https:\/\/api.w.org\/{rel}","templated":true}]}}