{"id":13158,"date":"2022-10-17T15:01:50","date_gmt":"2022-10-17T15:01:50","guid":{"rendered":"http:\/\/www.andacolloconectado.cl\/?p=13158"},"modified":"2022-10-17T15:01:50","modified_gmt":"2022-10-17T15:01:50","slug":"pena-cultural-la-talentosa-reunira-artista-de-coquimbo-andacollo-y-la-araucania-este-sabado","status":"publish","type":"post","link":"https:\/\/www.andacolloconectado.cl\/index.php\/pena-cultural-la-talentosa-reunira-artista-de-coquimbo-andacollo-y-la-araucania-este-sabado\/","title":{"rendered":"Pe\u00f1a Cultural \u201cLa Talentosa\u201d reunir\u00e1 artista de Coquimbo, Andacollo y La Araucan\u00eda este s\u00e1bado"},"content":{"rendered":"<p>El s\u00e1bado 22 de octubre, desde las 15:00 horas, en la casa del Cirujano Videla, se vivir\u00e1 un verdadero reencuentro entre los artistas de Andacollo y su p\u00fablico, ya que la Escuela de Talentos, vuelve a realizar, La Talentosa \u201cPe\u00f1a Cultural\u201d, que reunir\u00e1 a m\u00e1s de 200 artistas, grupos y gestores culturales en una jornada musical.<\/p>\n<p>Los artistas y conjuntos que participar\u00e1n ser\u00e1n: Grupo de Danza \u201cQulluMarka\u201d; Grupo \u201cLos Pecaminosos\u201d; Grupo \u201cCielo\u201d; Pato Andacollo; Grupo \u201cLos Litres\u201d; Agrupaci\u00f3n \u201cLa Gran Bandacollo\u201d;\u00a0 Agrupaci\u00f3n \u201cLa Conga de Su Madre\u201d; Grupo \u201cGeneraciones\u201d; Grupo \u201cHuaso Gonz\u00e1lez\u201d; Grupo \u201cGum Pum\u201d; Grupo \u201cVolutas Grove\u201d; Grupo \u201cLos Huajachos\u201d; D\u00fao Coraje; Andrea Castillo; Karen Pacheco;\u00a0 Evelin Flores; Ximena Urrutia; Diego Pasten; Pablo de las Voces; Neutrone MG; Zaitex; Taller de Expresi\u00f3n, Taller de M\u00fasica Folcl\u00f3rica y la Animaci\u00f3n de Fabi\u00e1n Past\u00e9n, Francisco Valdivia y Fernanda Mart\u00ednez; entre otros.<\/p>\n<p>En la jornada, tambi\u00e9n actuar\u00e1n el grupo de coquimbano de Cueca Chora \u201cCuarta y Lote\u201d y la Embajada Cultural de La Araucan\u00eda que participa de las pasant\u00edas culturales de la Escuela de Talentos, quienes realizar\u00e1n una performance de poes\u00eda y cueca brava.<\/p>\n<p>La entrada tiene un valor de $3.000 (tres mil pesos) y se puede adquirir en las dependencias de la Escuela de Talentos, la actividad promete un nutrido espect\u00e1culo, la presentaci\u00f3n distintos g\u00e9neros musicales y una variada oferta, de bebidas, jugos y comestibles ya que el buffet estar\u00e1, a cargo de los distintos talleres culturales.<\/p>\n<p>La actividad se realiza como reconocimiento y homenaje, que la Escuela de Talentos hace a los artistas y m\u00fasicos andacollinos, propiciando un espacio de reencuentro y esparcimiento para toda la comunidad, como forma de retribuci\u00f3n cultural.<\/p>\n<p>Finalmente, cabe mencionar que la Escuela de Talentos, es ejecutada por la Agrupaci\u00f3n Cultural \u201cEl Maray\u201d, patrocinada por la Municipalidad de Andacollo, financiada por Compa\u00f1\u00eda Teck Carmen de Andacollo y el Ministerio de las Culturas, las Artes y el Patrimonio a trav\u00e9s de la Ley de Donaciones Culturales.<\/p>\n","protected":false},"excerpt":{"rendered":"<p>El s\u00e1bado 22 de octubre, desde las 15:00 horas, en la casa del Cirujano Videla, se vivir\u00e1 un verdadero reencuentro entre los artistas de Andacollo y su p\u00fablico, ya que la Escuela de Talentos, vuelve a realizar, La Talentosa \u201cPe\u00f1a Cultural\u201d, que reunir\u00e1 a m\u00e1s de 200 artistas, grupos y gestores culturales en una jornada [&hellip;]<\/p>\n","protected":false},"author":3,"featured_media":0,"comment_status":"open","ping_status":"open","sticky":false,"template":"","format":"standard","meta":{"_acf_changed":false,"footnotes":""},"categories":[1],"tags":[989,188,3719,3718],"acf":[],"aioseo_notices":[],"_links":{"self":[{"href":"https:\/\/www.andacolloconectado.cl\/index.php\/wp-json\/wp\/v2\/posts\/13158"}],"collection":[{"href":"https:\/\/www.andacolloconectado.cl\/index.php\/wp-json\/wp\/v2\/posts"}],"about":[{"href":"https:\/\/www.andacolloconectado.cl\/index.php\/wp-json\/wp\/v2\/types\/post"}],"author":[{"embeddable":true,"href":"https:\/\/www.andacolloconectado.cl\/index.php\/wp-json\/wp\/v2\/users\/3"}],"replies":[{"embeddable":true,"href":"https:\/\/www.andacolloconectado.cl\/index.php\/wp-json\/wp\/v2\/comments?post=13158"}],"version-history":[{"count":1,"href":"https:\/\/www.andacolloconectado.cl\/index.php\/wp-json\/wp\/v2\/posts\/13158\/revisions"}],"predecessor-version":[{"id":13160,"href":"https:\/\/www.andacolloconectado.cl\/index.php\/wp-json\/wp\/v2\/posts\/13158\/revisions\/13160"}],"wp:attachment":[{"href":"https:\/\/www.andacolloconectado.cl\/index.php\/wp-json\/wp\/v2\/media?parent=13158"}],"wp:term":[{"taxonomy":"category","embeddable":true,"href":"https:\/\/www.andacolloconectado.cl\/index.php\/wp-json\/wp\/v2\/categories?post=13158"},{"taxonomy":"post_tag","embeddable":true,"href":"https:\/\/www.andacolloconectado.cl\/index.php\/wp-json\/wp\/v2\/tags?post=13158"}],"curies":[{"name":"wp","href":"https:\/\/api.w.org\/{rel}","templated":true}]}}