{"id":13161,"date":"2022-10-17T16:30:57","date_gmt":"2022-10-17T16:30:57","guid":{"rendered":"http:\/\/www.andacolloconectado.cl\/?p=13161"},"modified":"2022-10-17T16:30:57","modified_gmt":"2022-10-17T16:30:57","slug":"funcionarios-y-comunidad-local-conmemoran-el-aniversario-57o-del-hospital-andacollino","status":"publish","type":"post","link":"https:\/\/www.andacolloconectado.cl\/index.php\/funcionarios-y-comunidad-local-conmemoran-el-aniversario-57o-del-hospital-andacollino\/","title":{"rendered":"Funcionarios y comunidad local conmemoran el aniversario 57\u00ba del Hospital andacollino"},"content":{"rendered":"<p>El viernes reci\u00e9n pasado se conmemor\u00f3 el 57\u00ba aniversario de fundaci\u00f3n del Hospital Doctor Jos\u00e9 Luis Arra\u00f1o de nuestra comuna, a la ceremonia realizada en dependencias del establecimiento asistieron las autoridades comunales, dirigentes sociales, representantes de empresas y funcionarios.<\/p>\n<p>En la ocasi\u00f3n se entregaron reconocimientos al personal por a\u00f1os de servicio y a quienes trabajaron durante el periodo m\u00e1s cr\u00edtico de la pandemia de COVID 19.<\/p>\n<p>La directora (S) Ninibeth Trujillo se\u00f1al\u00f3 que \u201ces importante recalcar que despu\u00e9s de 3 a\u00f1os pudimos realizar este evento que es tan emotivo y conmemorativo para nosotros. Es muy importante volver a reunirnos despu\u00e9s 2 a\u00f1os de pandemia intensa y reforzar en nuestros funcionarios ese cari\u00f1o que nos une como familia hospitalaria. Es importante valorizar y humanizar tanto para nuestros funcionarios como pare nuestros usuarios la atenci\u00f3n del hospital\u201d.<\/p>\n<p>Asimismo, la profesional destac\u00f3 el trabajo mancomunado del hospital con la comunidad a trav\u00e9s del Consejo Consultivo de la Salud que ha gestionado mejoramiento en infraestructura y equipamiento, gracias al financiamiento de Compa\u00f1\u00eda Teck CDA. \u201cHa sido muy importante tener a estos actores presentes para la comunidad, el Consejo Consultivo que es primordial para poder trabajar en conjunto y ver las necesidades que tiene la comuna, respecto a los aportes privados se ha priorizado para brindar una atenci\u00f3n de mayor calidad\u201d.<\/p>\n<p>Por su parte, Paulo Barraza, Gerente de Gesti\u00f3n Comunitaria de Teck CDA coment\u00f3 que \u201cprimero que nada hay que reconocer el trabajo que realizan d\u00eda a d\u00eda los funcionarios de la salud. El trabajo colaborativo es parte esencial del trabajo que realiza Teck en Andacollo junto a las organizaciones sociales, en lo peor de la pandemia pudimos gestionar junto a las organizaciones el poder contar con implementos de salud que eran escasos en ese momento, luego que ha ido pasando la pandemia esos apoyos se ha traducido en diferente aspecto a trav\u00e9s de la Comunidad Andacollina Teck como camillas y camas cl\u00ednicas que sirven a todas las personas\u201d.<\/p>\n","protected":false},"excerpt":{"rendered":"<p>El viernes reci\u00e9n pasado se conmemor\u00f3 el 57\u00ba aniversario de fundaci\u00f3n del Hospital Doctor Jos\u00e9 Luis Arra\u00f1o de nuestra comuna, a la ceremonia realizada en dependencias del establecimiento asistieron las autoridades comunales, dirigentes sociales, representantes de empresas y funcionarios. En la ocasi\u00f3n se entregaron reconocimientos al personal por a\u00f1os de servicio y a quienes trabajaron [&hellip;]<\/p>\n","protected":false},"author":3,"featured_media":0,"comment_status":"open","ping_status":"open","sticky":false,"template":"","format":"standard","meta":{"_acf_changed":false,"footnotes":""},"categories":[1],"tags":[1031,2149,212],"acf":[],"aioseo_notices":[],"_links":{"self":[{"href":"https:\/\/www.andacolloconectado.cl\/index.php\/wp-json\/wp\/v2\/posts\/13161"}],"collection":[{"href":"https:\/\/www.andacolloconectado.cl\/index.php\/wp-json\/wp\/v2\/posts"}],"about":[{"href":"https:\/\/www.andacolloconectado.cl\/index.php\/wp-json\/wp\/v2\/types\/post"}],"author":[{"embeddable":true,"href":"https:\/\/www.andacolloconectado.cl\/index.php\/wp-json\/wp\/v2\/users\/3"}],"replies":[{"embeddable":true,"href":"https:\/\/www.andacolloconectado.cl\/index.php\/wp-json\/wp\/v2\/comments?post=13161"}],"version-history":[{"count":1,"href":"https:\/\/www.andacolloconectado.cl\/index.php\/wp-json\/wp\/v2\/posts\/13161\/revisions"}],"predecessor-version":[{"id":13163,"href":"https:\/\/www.andacolloconectado.cl\/index.php\/wp-json\/wp\/v2\/posts\/13161\/revisions\/13163"}],"wp:attachment":[{"href":"https:\/\/www.andacolloconectado.cl\/index.php\/wp-json\/wp\/v2\/media?parent=13161"}],"wp:term":[{"taxonomy":"category","embeddable":true,"href":"https:\/\/www.andacolloconectado.cl\/index.php\/wp-json\/wp\/v2\/categories?post=13161"},{"taxonomy":"post_tag","embeddable":true,"href":"https:\/\/www.andacolloconectado.cl\/index.php\/wp-json\/wp\/v2\/tags?post=13161"}],"curies":[{"name":"wp","href":"https:\/\/api.w.org\/{rel}","templated":true}]}}