{"id":13164,"date":"2022-10-18T15:28:36","date_gmt":"2022-10-18T15:28:36","guid":{"rendered":"http:\/\/www.andacolloconectado.cl\/?p=13164"},"modified":"2022-10-18T15:28:36","modified_gmt":"2022-10-18T15:28:36","slug":"julio-vega-presenta-las-canciones-de-su-primer-cd-siembra-tu-vida","status":"publish","type":"post","link":"https:\/\/www.andacolloconectado.cl\/index.php\/julio-vega-presenta-las-canciones-de-su-primer-cd-siembra-tu-vida\/","title":{"rendered":"Julio Vega presenta las canciones de su primer CD \u201cSiembra tu Vida\u201d"},"content":{"rendered":"<p>Julio Vega Bugue\u00f1o es un m\u00fasico y compositor andacollino que acaba de lanzar su primer CD \u201cSiembra tu vida\u201d, en el cual interpreta 10 canciones que fueron escritas por \u00e9l. Este material fue grabado gracias a los\u00a0 fondos que entreg\u00f3 la mesa Comunidad\u00a0 Andacollina Teck\u00a0 (CAT) a la Uni\u00f3n Comunal de la\u00a0 Cultura.<\/p>\n<p>La producci\u00f3n fue realizada en los estudios Apolo, los temas in\u00e9ditos que componen este material son: \u201cSin ti no puedo vivir\u201d, \u201cTraicionera\u201d, \u201cTu sencillez\u201d, \u201cLuchadores\u201d, \u201cSolo t\u00fa\u201d, \u201cFallaste\u201d, \u201cUn verdadero amor\u201d, \u201cSoy prisionero\u201d, \u201cUna linda historia de amor\u201d y \u201cSiembra tu vida\u201d, que es el sencillo que dio t\u00edtulo a este disco.<\/p>\n<p>De este trabajo art\u00edstico Julio coment\u00f3 que est\u00e1 feliz, porque es un sue\u00f1o cumplido el haber grabado sus propios temas ya que retratan sus vivencias y experiencias personales que lo inspiraron, y hoy llegan a tantas personas para dar unas palabras de aliento. \u201cSiembra tu\u00a0 vida, es un mensaje\u00a0 para todas las\u00a0 personas que se ven complicados\u00a0 y creen que no tienen una salida, tal vez creen que no existen un ma\u00f1ana para empezar de nuevo,\u00a0 hay personas que se ahogan en un vaso de agua,\u00a0 pero no se dan cuenta que todos los d\u00edas sale el sol y\u00a0\u00a0 todos los d\u00edas hay una nueva oportunidad\u201d, puntualiz\u00f3 el cantante.<\/p>\n<p>Cabe mencionar que Julio Vega es un artista autodidacta, que dio sus primeros pasos en la m\u00fasica al integrar la recordada \u201cSonora Andacollo\u201d, posteriormente fue parte de numerosos conjuntos tanto locales como de otras ciudades de la regi\u00f3n, instancia que le permiti\u00f3 desarrollar distintos estilos musicales.<\/p>\n<p>Actualmente se desempe\u00f1a como monitor de Bater\u00eda en la Escuela de Talentos Andacollinos donde est\u00e1 feliz de entregar sus conocimientos a las nuevas generaciones de m\u00fasicos de la comuna. \u201cYo\u00a0 tuve muchas dudas de aceptar la\u00a0 nueva propuesta porque lo que sab\u00eda, \u00a0yo no\u00a0 sab\u00eda como ense\u00f1arlo pero me encontr\u00e9 con la sorpresa de que cada\u00a0 vez que asist\u00eda a las clases era un aprendizaje\u00a0 mutuo, era lo que yo ense\u00f1aba y\u00a0 lo que ellos me ense\u00f1aban a m\u00ed,\u00a0 como\u00a0 tratarlos como llegar a ellos y\u00a0 hoy\u00a0 en d\u00eda me lo han agradecido, destaco tambi\u00e9n que hay muchas\u00a0 mujeres interesadas en aprender este instrumento\u201d, se\u00f1al\u00f3.<\/p>\n<p>Finalmente, hace un llamado a los m\u00fasicos andacollinos para apoyarse entre todos y que se atrevan a publicar sus propias composiciones y a grabarlas porque es importante que puedan decir \u201cesta es la cultura de Andacollo, este es mi CD, yo soy andacollino y esta es nuestra m\u00fasica\u201d.<\/p>\n","protected":false},"excerpt":{"rendered":"<p>Julio Vega Bugue\u00f1o es un m\u00fasico y compositor andacollino que acaba de lanzar su primer CD \u201cSiembra tu vida\u201d, en el cual interpreta 10 canciones que fueron escritas por \u00e9l. Este material fue grabado gracias a los\u00a0 fondos que entreg\u00f3 la mesa Comunidad\u00a0 Andacollina Teck\u00a0 (CAT) a la Uni\u00f3n Comunal de la\u00a0 Cultura. La producci\u00f3n [&hellip;]<\/p>\n","protected":false},"author":3,"featured_media":0,"comment_status":"open","ping_status":"open","sticky":false,"template":"","format":"standard","meta":{"_acf_changed":false,"footnotes":""},"categories":[1],"tags":[3720,3721,3722],"acf":[],"aioseo_notices":[],"_links":{"self":[{"href":"https:\/\/www.andacolloconectado.cl\/index.php\/wp-json\/wp\/v2\/posts\/13164"}],"collection":[{"href":"https:\/\/www.andacolloconectado.cl\/index.php\/wp-json\/wp\/v2\/posts"}],"about":[{"href":"https:\/\/www.andacolloconectado.cl\/index.php\/wp-json\/wp\/v2\/types\/post"}],"author":[{"embeddable":true,"href":"https:\/\/www.andacolloconectado.cl\/index.php\/wp-json\/wp\/v2\/users\/3"}],"replies":[{"embeddable":true,"href":"https:\/\/www.andacolloconectado.cl\/index.php\/wp-json\/wp\/v2\/comments?post=13164"}],"version-history":[{"count":1,"href":"https:\/\/www.andacolloconectado.cl\/index.php\/wp-json\/wp\/v2\/posts\/13164\/revisions"}],"predecessor-version":[{"id":13166,"href":"https:\/\/www.andacolloconectado.cl\/index.php\/wp-json\/wp\/v2\/posts\/13164\/revisions\/13166"}],"wp:attachment":[{"href":"https:\/\/www.andacolloconectado.cl\/index.php\/wp-json\/wp\/v2\/media?parent=13164"}],"wp:term":[{"taxonomy":"category","embeddable":true,"href":"https:\/\/www.andacolloconectado.cl\/index.php\/wp-json\/wp\/v2\/categories?post=13164"},{"taxonomy":"post_tag","embeddable":true,"href":"https:\/\/www.andacolloconectado.cl\/index.php\/wp-json\/wp\/v2\/tags?post=13164"}],"curies":[{"name":"wp","href":"https:\/\/api.w.org\/{rel}","templated":true}]}}