{"id":13177,"date":"2022-10-24T13:36:11","date_gmt":"2022-10-24T13:36:11","guid":{"rendered":"http:\/\/www.andacolloconectado.cl\/?p=13177"},"modified":"2022-10-24T13:36:11","modified_gmt":"2022-10-24T13:36:11","slug":"invitan-a-docentes-de-la-region-para-postular-al-campamento-gratuito-explorava-2023","status":"publish","type":"post","link":"https:\/\/www.andacolloconectado.cl\/index.php\/invitan-a-docentes-de-la-region-para-postular-al-campamento-gratuito-explorava-2023\/","title":{"rendered":"Invitan a docentes de la regi\u00f3n para postular al campamento gratuito ExploraVA! 2023"},"content":{"rendered":"<p><em>El espacio de capacitaci\u00f3n est\u00e1 dirigido a docentes de Educaci\u00f3n B\u00e1sica y Media, de todo tipo de especialidad, y tambi\u00e9n, a Educadoras y Educadores de P\u00e1rvulos, y se realizar\u00e1 entre el 9 y el 13 de enero del 2023.<\/em><\/p>\n<p>Ya se encuentra abierta la convocatoria para participar del Campamento Explora VA! 2023, iniciativa del Proyecto Explora Coquimbo del Ministerio de Ciencia y ejecutado por la Universidad Cat\u00f3lica del Norte, que busca fortalecer y fomentar el desarrollo de competencias cient\u00edficas y transversales en la comunidad docente de la Regi\u00f3n de Coquimbo.<\/p>\n<p>Luego de dos a\u00f1os, el evento volver\u00e1 a desarrollarse de forma presencial, y para ello se invita a docentes de Ense\u00f1anza B\u00e1sica y Media, de todo tipo de especialidad, y tambi\u00e9n, a Educadoras y Educadores de P\u00e1rvulos, de las diversas comunas de nuestra regi\u00f3n; a fin de que puedan sumarse a una experiencia de intercambio y aprendizaje activo de las ciencias y la tecnolog\u00eda.<\/p>\n<p>En palabras de la Encargada del campamento, Natalia Arias, el evento busca apoyar la educaci\u00f3n en ciencias, conocimiento e innovaci\u00f3n en las comunidades educativas \u201cy contribuir a su mejora continua. Tambi\u00e9n, se busca promover la formaci\u00f3n de redes de aprendizaje y redes de colaboraci\u00f3n entre docentes\u201d.<\/p>\n<p>La actividad se realizar\u00e1 en la Universidad Cat\u00f3lica del Norte y tendr\u00e1 una duraci\u00f3n de cinco d\u00edas (9, 10, 11, 12 y 13 de enero), y cuenta con 45 cupos,\u00a0 a fin de transformar a sus participantes en agentes de cambio al interior de sus instituciones escolares, mediante la entrega y desarrollo de herramientas que permitan agregar valor a la comunidad educativa a partir de las diversas dimensiones que poseen las ciencias y la tecnolog\u00eda.<\/p>\n<p>Para ser parte del campamento Explora VA!, deben descargarse los documentos de postulaci\u00f3n en la web www.explora.cl\/coquimbo y enviarse al correo campamentoexploracoquimbo@gmail.com, siendo el d\u00eda 30 de noviembre de 2022 el \u00faltimo d\u00eda para postular. \u201cLos invito a todas y todos a que puedan ser parte de esta iniciativa, esperamos que todos los docentes y educadores de p\u00e1rvulos de las tres provincias de la Regi\u00f3n de Coquimbo puedan tener la oportunidad de fortalecer sus competencias y qu\u00e9 mejor que realiz\u00e1ndolo en el campamento Explora VA! 2023\u201d, comenta Natalia Arias.<\/p>\n","protected":false},"excerpt":{"rendered":"<p>El espacio de capacitaci\u00f3n est\u00e1 dirigido a docentes de Educaci\u00f3n B\u00e1sica y Media, de todo tipo de especialidad, y tambi\u00e9n, a Educadoras y Educadores de P\u00e1rvulos, y se realizar\u00e1 entre el 9 y el 13 de enero del 2023. Ya se encuentra abierta la convocatoria para participar del Campamento Explora VA! 2023, iniciativa del Proyecto [&hellip;]<\/p>\n","protected":false},"author":3,"featured_media":0,"comment_status":"open","ping_status":"open","sticky":false,"template":"","format":"standard","meta":{"_acf_changed":false,"footnotes":""},"categories":[1],"tags":[3730,3008,3731],"acf":[],"aioseo_notices":[],"_links":{"self":[{"href":"https:\/\/www.andacolloconectado.cl\/index.php\/wp-json\/wp\/v2\/posts\/13177"}],"collection":[{"href":"https:\/\/www.andacolloconectado.cl\/index.php\/wp-json\/wp\/v2\/posts"}],"about":[{"href":"https:\/\/www.andacolloconectado.cl\/index.php\/wp-json\/wp\/v2\/types\/post"}],"author":[{"embeddable":true,"href":"https:\/\/www.andacolloconectado.cl\/index.php\/wp-json\/wp\/v2\/users\/3"}],"replies":[{"embeddable":true,"href":"https:\/\/www.andacolloconectado.cl\/index.php\/wp-json\/wp\/v2\/comments?post=13177"}],"version-history":[{"count":1,"href":"https:\/\/www.andacolloconectado.cl\/index.php\/wp-json\/wp\/v2\/posts\/13177\/revisions"}],"predecessor-version":[{"id":13179,"href":"https:\/\/www.andacolloconectado.cl\/index.php\/wp-json\/wp\/v2\/posts\/13177\/revisions\/13179"}],"wp:attachment":[{"href":"https:\/\/www.andacolloconectado.cl\/index.php\/wp-json\/wp\/v2\/media?parent=13177"}],"wp:term":[{"taxonomy":"category","embeddable":true,"href":"https:\/\/www.andacolloconectado.cl\/index.php\/wp-json\/wp\/v2\/categories?post=13177"},{"taxonomy":"post_tag","embeddable":true,"href":"https:\/\/www.andacolloconectado.cl\/index.php\/wp-json\/wp\/v2\/tags?post=13177"}],"curies":[{"name":"wp","href":"https:\/\/api.w.org\/{rel}","templated":true}]}}