{"id":13258,"date":"2022-11-15T16:02:41","date_gmt":"2022-11-15T16:02:41","guid":{"rendered":"http:\/\/www.andacolloconectado.cl\/?p=13258"},"modified":"2022-11-15T16:02:41","modified_gmt":"2022-11-15T16:02:41","slug":"exposicion-interactiva-oceano-y-sociedad-llego-a-la-comuna-para-hacer-conciencia-del-cuidado-del-mar","status":"publish","type":"post","link":"https:\/\/www.andacolloconectado.cl\/index.php\/exposicion-interactiva-oceano-y-sociedad-llego-a-la-comuna-para-hacer-conciencia-del-cuidado-del-mar\/","title":{"rendered":"Exposici\u00f3n interactiva \u201cOc\u00e9ano y Sociedad\u201d lleg\u00f3 a la comuna para hacer conciencia del cuidado del mar"},"content":{"rendered":"<p>Durante la semana pasada en la Plaza Pedro Nolasco Videla la comunidad andacollina tuvo la oportunidad de ver y ser parte de la exposici\u00f3n \u201cOc\u00e9ano y Sociedad\u201d a cargo del Proyecto Explora Coquimbo.<\/p>\n<p>Esta muestra interactiva se enmarca dentro del Programa de ciencia abierta que realiza el Programa Explora, que busca crear conciencia sobre el cuidado de los recursos naturales en las playas de nuestra costa.<\/p>\n<p>La presentaci\u00f3n exhibe de forma did\u00e1ctica e interactiva, el v\u00ednculo de la comunidad con el mar, por medio de 6 m\u00f3dulos que motivan a que el p\u00fablico pueda aprender jugando.<\/p>\n<p>Lorena Mu\u00f1oz, encargada de comunicaciones de Explora Coquimbo, se\u00f1al\u00f3 que \u201ces muy importante para nosotros traer este tipo de modulo de exposici\u00f3n interactiva a distintas comunas, nuestra meta es cubrir toda la regi\u00f3n de Coquimbo, porque as\u00ed sociabilizamos el conocimiento en toda la regi\u00f3n y especialmente en Andacollo, porque creemos que es importante que la ciudadan\u00eda se informe\u00a0 \u00a0sobre el cuidado de los mares, oc\u00e9anos y por supuesto el cuidado del agua\u201d.<\/p>\n","protected":false},"excerpt":{"rendered":"<p>Durante la semana pasada en la Plaza Pedro Nolasco Videla la comunidad andacollina tuvo la oportunidad de ver y ser parte de la exposici\u00f3n \u201cOc\u00e9ano y Sociedad\u201d a cargo del Proyecto Explora Coquimbo. Esta muestra interactiva se enmarca dentro del Programa de ciencia abierta que realiza el Programa Explora, que busca crear conciencia sobre el [&hellip;]<\/p>\n","protected":false},"author":3,"featured_media":0,"comment_status":"open","ping_status":"open","sticky":false,"template":"","format":"standard","meta":{"_acf_changed":false,"footnotes":""},"categories":[1],"tags":[3753,1726],"acf":[],"aioseo_notices":[],"_links":{"self":[{"href":"https:\/\/www.andacolloconectado.cl\/index.php\/wp-json\/wp\/v2\/posts\/13258"}],"collection":[{"href":"https:\/\/www.andacolloconectado.cl\/index.php\/wp-json\/wp\/v2\/posts"}],"about":[{"href":"https:\/\/www.andacolloconectado.cl\/index.php\/wp-json\/wp\/v2\/types\/post"}],"author":[{"embeddable":true,"href":"https:\/\/www.andacolloconectado.cl\/index.php\/wp-json\/wp\/v2\/users\/3"}],"replies":[{"embeddable":true,"href":"https:\/\/www.andacolloconectado.cl\/index.php\/wp-json\/wp\/v2\/comments?post=13258"}],"version-history":[{"count":1,"href":"https:\/\/www.andacolloconectado.cl\/index.php\/wp-json\/wp\/v2\/posts\/13258\/revisions"}],"predecessor-version":[{"id":13260,"href":"https:\/\/www.andacolloconectado.cl\/index.php\/wp-json\/wp\/v2\/posts\/13258\/revisions\/13260"}],"wp:attachment":[{"href":"https:\/\/www.andacolloconectado.cl\/index.php\/wp-json\/wp\/v2\/media?parent=13258"}],"wp:term":[{"taxonomy":"category","embeddable":true,"href":"https:\/\/www.andacolloconectado.cl\/index.php\/wp-json\/wp\/v2\/categories?post=13258"},{"taxonomy":"post_tag","embeddable":true,"href":"https:\/\/www.andacolloconectado.cl\/index.php\/wp-json\/wp\/v2\/tags?post=13258"}],"curies":[{"name":"wp","href":"https:\/\/api.w.org\/{rel}","templated":true}]}}