{"id":13331,"date":"2022-12-06T14:04:57","date_gmt":"2022-12-06T14:04:57","guid":{"rendered":"http:\/\/www.andacolloconectado.cl\/?p=13331"},"modified":"2022-12-06T14:04:57","modified_gmt":"2022-12-06T14:04:57","slug":"entregan-reconocimiento-a-asistentes-a-los-talleres-patrimoniales","status":"publish","type":"post","link":"https:\/\/www.andacolloconectado.cl\/index.php\/entregan-reconocimiento-a-asistentes-a-los-talleres-patrimoniales\/","title":{"rendered":"Entregan reconocimiento a asistentes a los Talleres Patrimoniales"},"content":{"rendered":"<p>El viernes reci\u00e9n pasado en el frontis de la Casa del Encuentro Ciudadano, culminaron los 4 Talleres Culturales que se desarrollaron en Andacollo impulsados por el Departamento municipal de Cultura y Turismo, financiados por el Gobierno Regional a trav\u00e9s de la Red Yakana.<\/p>\n<p>En nuestra comuna se ejecutaron los talleres de: Relatos patrimoniales, Cocina patrimonial, Greda e Iniciaci\u00f3n al muralismo, que fueron impartidos por monitores andacollinos y que tuvieron un gran \u00e9xito de convocatoria, por eso al finalizar se les entreg\u00f3 un reconocimiento a cada uno por su participaci\u00f3n.<\/p>\n<p>Felipe Vicencio, encargado de Cultura y Turismo, se\u00f1al\u00f3 que es un trabajo que se realiz\u00f3 en pos de reactivar los espacios culturales de toda la regi\u00f3n y para que la gente vuelva a participar y disfrutar de las diferentes expresiones art\u00edsticas, culturales y patrimoniales. Por otra parte, la experiencia fue muy positiva, por lo que esperan seguir con otros talleres para que la comunidad andacollina siga compartiendo sus propias experiencias que ayudan a la conservaci\u00f3n de tradiciones, comidas, oficios y arte t\u00edpicos.<\/p>\n<p>En el acto de finalizaci\u00f3n particip\u00f3 la concejala Constanza Rojas, quien destac\u00f3 que \u201cson muy importante estos talleres porque son de diversa \u00edndole donde se agrupan diversas personas, desde ni\u00f1os a adultos mayores, lo que es muy bueno para utilizar los tiempos libres y tambi\u00e9n los espacios p\u00fablicos. Se hizo con monitores andacollinos con harta experiencia y estoy contenta por la convocatoria\u201d<\/p>\n<p>Por su parte, Magaly Araya, monitora del taller de greda dijo que \u201cfue una experiencia nueva para nosotras como artesanas en la greda, porque tuvimos la oportunidad de ense\u00f1arles a otras personas el arte que sabemos hacer. \u00a0Estamos contentas porque el Municipio integr\u00f3 a los artesanos que ya llevamos un tiempo de trayectoria para ense\u00f1arles a otros, para que lo que nosotros sabemos no se pierda y vaya pasando de generaci\u00f3n en generaci\u00f3n\u201d.<\/p>\n","protected":false},"excerpt":{"rendered":"<p>El viernes reci\u00e9n pasado en el frontis de la Casa del Encuentro Ciudadano, culminaron los 4 Talleres Culturales que se desarrollaron en Andacollo impulsados por el Departamento municipal de Cultura y Turismo, financiados por el Gobierno Regional a trav\u00e9s de la Red Yakana. En nuestra comuna se ejecutaron los talleres de: Relatos patrimoniales, Cocina patrimonial, [&hellip;]<\/p>\n","protected":false},"author":3,"featured_media":0,"comment_status":"open","ping_status":"open","sticky":false,"template":"","format":"standard","meta":{"_acf_changed":false,"footnotes":""},"categories":[1],"tags":[3773],"acf":[],"aioseo_notices":[],"_links":{"self":[{"href":"https:\/\/www.andacolloconectado.cl\/index.php\/wp-json\/wp\/v2\/posts\/13331"}],"collection":[{"href":"https:\/\/www.andacolloconectado.cl\/index.php\/wp-json\/wp\/v2\/posts"}],"about":[{"href":"https:\/\/www.andacolloconectado.cl\/index.php\/wp-json\/wp\/v2\/types\/post"}],"author":[{"embeddable":true,"href":"https:\/\/www.andacolloconectado.cl\/index.php\/wp-json\/wp\/v2\/users\/3"}],"replies":[{"embeddable":true,"href":"https:\/\/www.andacolloconectado.cl\/index.php\/wp-json\/wp\/v2\/comments?post=13331"}],"version-history":[{"count":1,"href":"https:\/\/www.andacolloconectado.cl\/index.php\/wp-json\/wp\/v2\/posts\/13331\/revisions"}],"predecessor-version":[{"id":13333,"href":"https:\/\/www.andacolloconectado.cl\/index.php\/wp-json\/wp\/v2\/posts\/13331\/revisions\/13333"}],"wp:attachment":[{"href":"https:\/\/www.andacolloconectado.cl\/index.php\/wp-json\/wp\/v2\/media?parent=13331"}],"wp:term":[{"taxonomy":"category","embeddable":true,"href":"https:\/\/www.andacolloconectado.cl\/index.php\/wp-json\/wp\/v2\/categories?post=13331"},{"taxonomy":"post_tag","embeddable":true,"href":"https:\/\/www.andacolloconectado.cl\/index.php\/wp-json\/wp\/v2\/tags?post=13331"}],"curies":[{"name":"wp","href":"https:\/\/api.w.org\/{rel}","templated":true}]}}