{"id":13385,"date":"2022-12-21T13:32:34","date_gmt":"2022-12-21T13:32:34","guid":{"rendered":"http:\/\/www.andacolloconectado.cl\/?p=13385"},"modified":"2022-12-21T13:40:17","modified_gmt":"2022-12-21T13:40:17","slug":"alumnos-del-taller-de-piano-teoria-y-solfeo-presentaron-sus-avances-en-gala-artistica","status":"publish","type":"post","link":"https:\/\/www.andacolloconectado.cl\/index.php\/alumnos-del-taller-de-piano-teoria-y-solfeo-presentaron-sus-avances-en-gala-artistica\/","title":{"rendered":"Alumnos del Taller de Piano, Teor\u00eda y Solfeo presentaron sus avances en Gala Art\u00edstica"},"content":{"rendered":"<p>Los alumnos de los talleres de Piano, Teor\u00eda y Solfeo de la Escuela de Talentos Andacollinos, liderado por el profesor y m\u00fasico, maestro Herman Sapiains Castillo, cautivaron con su destacada interpretaci\u00f3n al p\u00fablico que acudi\u00f3 a la Gala de fin de a\u00f1o, realizada en la Casa patrimonial del Cirujano Videla, sede de la Escuela de Talentos Andacollinos.<\/p>\n<p>La presentaci\u00f3n fue abierta y gratuita, se realiz\u00f3 este lunes 19 de diciembre, permiti\u00f3 conocer el notable avance, desempe\u00f1o y constancia de los alumnos, quienes destacaron el proceso de aprendizaje vivido con su profesor y el apoyo de sus familias.<\/p>\n<p>Andrea Campusano, directora de la Escuela de Talentos se\u00f1al\u00f3 que \u201ceste nivel de interpretaci\u00f3n que hoy nos sorprende, se logra gracias a un proceso de largo aliento, con m\u00e1s de cinco a\u00f1os de taller de piano ininterrumpidos. No podemos dejar de felicitar a los padres y apoderados. Pero sobre todo la constancia y responsabilidad de los alumnos, quienes, a pesar de su corta edad, las complejidades propias del instrumento y la rigurosidad, est\u00e1n m\u00e1s motivados que nunca\u201d<\/p>\n<p>En esta misma l\u00ednea, su profesor Herman Sapians, se mostr\u00f3 feliz por el trabajo realizado y la espectacular presentaci\u00f3n. \u201cEstoy muy contento porque se superaron las expectativas, qued\u00f3 demostrado el progreso de todas y todos nuestros alumnos. Feliz, tambi\u00e9n, por los desaf\u00edos que se nos presentan para los a\u00f1os venideros, ya que este tipo de disciplina implican procesos de largo aliento, donde no solo deben estar el compromiso de las familias, los alumnos, sino que de toda la comunidad andacollina\u201d, indic\u00f3 Sapiains.<\/p>\n<p>La presentaci\u00f3n, ya est\u00e1 disponible en el canal de youtube de la Escuela de talentos Andacollinos: https:\/\/www.youtube.com\/@escueladetalentosandacolli4164; donde se puede disfrutar del siguiente programa musical:<\/p>\n<p><strong>Mat\u00edas Gonz\u00e1lez: <\/strong><\/p>\n<p>\u201cPolonesa\u201d BWV Anh119\u00a0 &#8211;\u00a0 Compositor desconocido<\/p>\n<p>\u201cMelody\u201d \u2013 Robert Schumann<\/p>\n<p><strong>Viviane Araya:\u00a0\u00a0 <\/strong><\/p>\n<p>\u201cQuiet River\u201d\u00a0 &#8211;\u00a0 Alfred\u00b4s Basic Piano Library<\/p>\n<p>\u201cJingle bells\u201d \u2013\u00a0 James Pierpont<\/p>\n<p>\u201cMira ni\u00f1ita\u201d\u00a0 &#8211;\u00a0 Los Jaivas<\/p>\n<p>&nbsp;<\/p>\n<p><strong>Franco Mu\u00f1oz:<\/strong><\/p>\n<p>Run Run se fue pa`l norte &#8211;\u00a0\u00a0 Violeta Parra<\/p>\n<p>\u201cMorgenlied\u201d \u2013 G\u00e9za Horv\u00e1th<\/p>\n<p>Vals en Re menor-op.39 nro.13 &#8211; Dmitri Kabalevsky<\/p>\n<p><strong>Nicol\u00e1s Urrutia:<\/strong><\/p>\n<p>Minuet BWV Anh114 &#8211; Christian Petzold<\/p>\n<p>\u201cLa armon\u00eda de los \u00e1ngeles\u201d (Estudio op.100 nro.21)- Friedrich Burgm\u00fcller<\/p>\n<p>\u201cWilder Reiter\u201d &#8211; Robert Schumann<\/p>\n<p>\u201cArauco tiene una pena\u201d \u2013 Violeta Parra<\/p>\n<p><strong>Consuelo Mu\u00f1oz:<\/strong><\/p>\n<p>Sonatina en Sol &#8211; Ludwig Van Beethoven<\/p>\n<p>I.-Moderato<\/p>\n<p>II.-Romance<\/p>\n<p>Minueto en La menor &#8211; Johann Sebastian Bach<\/p>\n<p>\u201cBalada\u201d (Estudio op.100 nro.15) &#8211; Friedrich Burgm\u00fcller<\/p>\n<p>\u201cQue pena siente el alma\u201d &#8211; Violeta Parra<\/p>\n<p>\u201cDanza de ni\u00f1os\u201d op.133 &#8211; Alexander Gretchaninov<\/p>\n<p><strong>Karla Pinto:<\/strong><\/p>\n<p>Marcha BWV Anh.122\u00a0\u00a0 &#8211; C. Ph. Emanuel Bach<\/p>\n<p>\u201cTarantela\u201d (Estudio op.100 nro.20) &#8211; Friedrich Burgm\u00fcller<\/p>\n<p>Sonatina op.20 nro1 \u2013 Friedrich Kuhlau<\/p>\n<p>I.- Allegro<\/p>\n<p>II.-Andante<\/p>\n<p>III.-Rond\u00f3<\/p>\n<p>\u201cRin del Angelito\u201d &#8211;\u00a0\u00a0 Violeta Parra<\/p>\n<p>&nbsp;<\/p>\n<p>Finalmente, cabe mencionar que La Escuela de Talentos Andacollinos es una iniciativa de la agrupaci\u00f3n art\u00edstico cultural \u201cEl Maray\u201d financiada por Compa\u00f1\u00eda Teck Carmen de Andacollo y el Ministerio de las Culturas y las Artes, a trav\u00e9s de la Ley de donaciones culturales. Lo que ha permitido a esta agrupaci\u00f3n convertirse en un espacio de formaci\u00f3n cultural integral, que brinda talleres art\u00edsticos anuales, de forma abierta y gratuita; y adem\u00e1s desarrolla el \u00e1rea de la inclusi\u00f3n, la comunicaci\u00f3n comunitaria y el intercambio cultural. Sus talleres culturales incluyen ni\u00f1os, ni\u00f1as, j\u00f3venes, adultos y adultos mayores, de las m\u00e1s diversas condiciones sociales, econ\u00f3micas y culturales. Siendo la integraci\u00f3n intergeneracional y la inclusi\u00f3n una de sus principales caracter\u00edsticas.<\/p>\n","protected":false},"excerpt":{"rendered":"<p>Los alumnos de los talleres de Piano, Teor\u00eda y Solfeo de la Escuela de Talentos Andacollinos, liderado por el profesor y m\u00fasico, maestro Herman Sapiains Castillo, cautivaron con su destacada interpretaci\u00f3n al p\u00fablico que acudi\u00f3 a la Gala de fin de a\u00f1o, realizada en la Casa patrimonial del Cirujano Videla, sede de la Escuela de [&hellip;]<\/p>\n","protected":false},"author":3,"featured_media":0,"comment_status":"open","ping_status":"open","sticky":false,"template":"","format":"standard","meta":{"_acf_changed":false,"footnotes":""},"categories":[1],"tags":[3795,3672],"acf":[],"aioseo_notices":[],"_links":{"self":[{"href":"https:\/\/www.andacolloconectado.cl\/index.php\/wp-json\/wp\/v2\/posts\/13385"}],"collection":[{"href":"https:\/\/www.andacolloconectado.cl\/index.php\/wp-json\/wp\/v2\/posts"}],"about":[{"href":"https:\/\/www.andacolloconectado.cl\/index.php\/wp-json\/wp\/v2\/types\/post"}],"author":[{"embeddable":true,"href":"https:\/\/www.andacolloconectado.cl\/index.php\/wp-json\/wp\/v2\/users\/3"}],"replies":[{"embeddable":true,"href":"https:\/\/www.andacolloconectado.cl\/index.php\/wp-json\/wp\/v2\/comments?post=13385"}],"version-history":[{"count":2,"href":"https:\/\/www.andacolloconectado.cl\/index.php\/wp-json\/wp\/v2\/posts\/13385\/revisions"}],"predecessor-version":[{"id":13388,"href":"https:\/\/www.andacolloconectado.cl\/index.php\/wp-json\/wp\/v2\/posts\/13385\/revisions\/13388"}],"wp:attachment":[{"href":"https:\/\/www.andacolloconectado.cl\/index.php\/wp-json\/wp\/v2\/media?parent=13385"}],"wp:term":[{"taxonomy":"category","embeddable":true,"href":"https:\/\/www.andacolloconectado.cl\/index.php\/wp-json\/wp\/v2\/categories?post=13385"},{"taxonomy":"post_tag","embeddable":true,"href":"https:\/\/www.andacolloconectado.cl\/index.php\/wp-json\/wp\/v2\/tags?post=13385"}],"curies":[{"name":"wp","href":"https:\/\/api.w.org\/{rel}","templated":true}]}}