{"id":13490,"date":"2023-01-27T15:52:38","date_gmt":"2023-01-27T15:52:38","guid":{"rendered":"http:\/\/www.andacolloconectado.cl\/?p=13490"},"modified":"2023-01-27T15:52:38","modified_gmt":"2023-01-27T15:52:38","slug":"gases-refrigerantes-podran-ser-reciclados-gracias-a-proyecto-andacollino-impulsado-por-alianza-celsius-clima-y-regener-chile","status":"publish","type":"post","link":"https:\/\/www.andacolloconectado.cl\/index.php\/gases-refrigerantes-podran-ser-reciclados-gracias-a-proyecto-andacollino-impulsado-por-alianza-celsius-clima-y-regener-chile\/","title":{"rendered":"GASES REFRIGERANTES PODR\u00c1N SER RECICLADOS GRACIAS A PROYECTO ANDACOLLINO IMPULSADO POR ALIANZA CELSIUS CLIMA Y REGENER CHILE"},"content":{"rendered":"<p><em><strong>La Serena y Andacollo ser\u00e1n pioneros en la zona norte y contar\u00e1n con centro de regeneraci\u00f3n destinado a combatir dichas sustancias contaminantes, enfoc\u00e1ndose en descentralizar este tipo de acciones en beneficio al cuidado del planeta.<\/strong><\/em><\/p>\n<p>El medio ambiente es un tema que ha preocupado durante los \u00faltimos a\u00f1os a autoridades, ecologistas, organizaciones y ciudadanos. Esto, por el incremento de la contaminaci\u00f3n a nivel global, factor detonante del cambio clim\u00e1tico que vivimos actualmente, y que seguir\u00e1 afectando a las futuras generaciones.<\/p>\n<p>Sin embargo, desde cualquier vereda se puede aportar, incluso con un peque\u00f1o pero significativo cambio. Eso es lo que creen los fundadores de la empresa Celsius Clima, proyecto andacollino dedicado a la instalaci\u00f3n de aire acondicionado, mantenci\u00f3n y refrigeraci\u00f3n, iniciativa que surgi\u00f3 hace unos a\u00f1os y que durante el \u00faltimo tiempo conform\u00f3 una importante alianza con Regener Chile, acudiendo al llamado p\u00fablico por parte de la unidad de Ozono del Ministerio del Medio Ambiente al \u201cPlan de Gesti\u00f3n para la Eliminaci\u00f3n de HCFC en Chile\u201d y adjudic\u00e1ndose la posibilidad de construir un centro de regeneraci\u00f3n para la regi\u00f3n de Coquimbo, que contar\u00e1 con una sucursal mayor en La Serena y prestar\u00e1 servicios en la zona norte hasta Arica.<\/p>\n<p>Jeremy Rojas, uno de los socios de la empresa se\u00f1ala que \u201ceste centro de regeneraci\u00f3n consiste en que todos los gases refrigerantes, que son algunos gases contaminantes y otros no tan contaminantes para la capa de Ozono, se puedan reutilizar o hacer disposici\u00f3n final, eso quiere decir que si saco gas refrigerante de una m\u00e1quina tenga donde llevarlo, porque ninguna empresa se hac\u00eda responsable, en este caso con la alianza en conjunto con Regener vamos a hacernos cargo, esta es nuestra manera de aportar al medio ambiente\u201d.<\/p>\n<p>La empresa andacollina, adem\u00e1s de prestar servicios a la comunidad, tambi\u00e9n trabaja dentro de faena de la empresa minera Teck Carmen de Andacollo desde hace tres a\u00f1os, realizando mantenciones, reparaciones e instalaciones, lo que destacan como una buena y positiva experiencia para crecer en el rubro y a trav\u00e9s del aprendizaje atreverse a ir m\u00e1s all\u00e1 con la iniciativa.<\/p>\n<p>Un proyecto que ya comenz\u00f3 y cuenta con las m\u00e1quinas necesarias para desarrollarlo, adem\u00e1s, se llevar\u00e1 a cabo la construcci\u00f3n del galp\u00f3n y el an\u00e1lisis de planos para ver el terreno \u00f3ptimo para la sucursal de La Serena y el lugar de recolecci\u00f3n de gases en Andacollo, porque el objetivo es comenzar a funcionar durante este a\u00f1o 2023. La idea, es expandir estos servicios y generar espacios para dar trabajo a la gente de la comuna, apostando tambi\u00e9n por abordar la econom\u00eda circular.<\/p>\n<p>\u201cMe siento muy contento, es un gran desaf\u00edo para este proyecto, algo muy bueno para la regi\u00f3n y que trabaja directamente en beneficio del medioambiente, Andacollo tiene ciertos temas ah\u00ed y esto es algo que mejora y fortalece ese \u00e1mbito\u201d, expres\u00f3 Jeremy.<\/p>\n<p>Tambi\u00e9n es importante destacar que con este centro, como indic\u00f3 Jos\u00e9 Luis Rojas, representante de Regener Chile \u201cse puede dar cumplimiento a la ley REP, normas chilenas de la refrigeraci\u00f3n, y a la Ley Marco de Cambio Clim\u00e1tico, es un proyecto que cuenta con el apoyo del Ministerio del Medio Ambiente, adem\u00e1s hay que destacar que las m\u00e1quinas poseen certificaci\u00f3n internacional\u201d.<\/p>\n<p>Una excelente noticia para los habitantes de la comuna y para toda la regi\u00f3n, y, que, sin duda, ser\u00e1 un aporte para combatir las complejidades de la contaminaci\u00f3n en esta materia.<\/p>\n","protected":false},"excerpt":{"rendered":"<p>La Serena y Andacollo ser\u00e1n pioneros en la zona norte y contar\u00e1n con centro de regeneraci\u00f3n destinado a combatir dichas sustancias contaminantes, enfoc\u00e1ndose en descentralizar este tipo de acciones en beneficio al cuidado del planeta. El medio ambiente es un tema que ha preocupado durante los \u00faltimos a\u00f1os a autoridades, ecologistas, organizaciones y ciudadanos. Esto, [&hellip;]<\/p>\n","protected":false},"author":3,"featured_media":0,"comment_status":"open","ping_status":"open","sticky":false,"template":"","format":"standard","meta":{"_acf_changed":false,"footnotes":""},"categories":[1],"tags":[3814,3815],"acf":[],"aioseo_notices":[],"_links":{"self":[{"href":"https:\/\/www.andacolloconectado.cl\/index.php\/wp-json\/wp\/v2\/posts\/13490"}],"collection":[{"href":"https:\/\/www.andacolloconectado.cl\/index.php\/wp-json\/wp\/v2\/posts"}],"about":[{"href":"https:\/\/www.andacolloconectado.cl\/index.php\/wp-json\/wp\/v2\/types\/post"}],"author":[{"embeddable":true,"href":"https:\/\/www.andacolloconectado.cl\/index.php\/wp-json\/wp\/v2\/users\/3"}],"replies":[{"embeddable":true,"href":"https:\/\/www.andacolloconectado.cl\/index.php\/wp-json\/wp\/v2\/comments?post=13490"}],"version-history":[{"count":1,"href":"https:\/\/www.andacolloconectado.cl\/index.php\/wp-json\/wp\/v2\/posts\/13490\/revisions"}],"predecessor-version":[{"id":13492,"href":"https:\/\/www.andacolloconectado.cl\/index.php\/wp-json\/wp\/v2\/posts\/13490\/revisions\/13492"}],"wp:attachment":[{"href":"https:\/\/www.andacolloconectado.cl\/index.php\/wp-json\/wp\/v2\/media?parent=13490"}],"wp:term":[{"taxonomy":"category","embeddable":true,"href":"https:\/\/www.andacolloconectado.cl\/index.php\/wp-json\/wp\/v2\/categories?post=13490"},{"taxonomy":"post_tag","embeddable":true,"href":"https:\/\/www.andacolloconectado.cl\/index.php\/wp-json\/wp\/v2\/tags?post=13490"}],"curies":[{"name":"wp","href":"https:\/\/api.w.org\/{rel}","templated":true}]}}