{"id":13538,"date":"2023-02-08T18:23:18","date_gmt":"2023-02-08T18:23:18","guid":{"rendered":"http:\/\/www.andacolloconectado.cl\/?p=13538"},"modified":"2023-02-08T18:23:18","modified_gmt":"2023-02-08T18:23:18","slug":"verano-para-todos-fiestas-de-espuma-se-realizan-en-diversos-sectores-de-andacollo","status":"publish","type":"post","link":"https:\/\/www.andacolloconectado.cl\/index.php\/verano-para-todos-fiestas-de-espuma-se-realizan-en-diversos-sectores-de-andacollo\/","title":{"rendered":"\u00a1Verano para todos! Fiestas de espuma se realizan en diversos sectores de Andacollo"},"content":{"rendered":"<p><strong><em>Las actividades se llevan a cabo gracias al financiamiento de Teck Carmen de Andacollo (CDA), con apoyo de Inexcess Audio. A la fecha ya han disfrutado los sectores de Matadero, El Curque y Casuto.<\/em><\/strong><\/p>\n<p><strong>Andacollo.-<\/strong> La Uni\u00f3n Comunal de Juntas de Vecinos (UCJV) invita a toda la comunidad andacollina a vivir y ser parte de las actividades recreativas de verano que se est\u00e1n realizando en diferentes sectores de la comuna minera.<\/p>\n<p>Se trata de una serie de fiestas de espuma pensadas para los m\u00e1s peque\u00f1os y peque\u00f1as del hogar, pero que pueden ser disfrutadas por toda la familia convirti\u00e9ndose en un excelente panorama estival en este verano 2023.<\/p>\n<p>Las fechas de las pr\u00f3ximas fiestas para que puedan asistir a todas o a la m\u00e1s cercana a su hogar, son las siguientes:<\/p>\n<p><a href=\"http:\/\/www.andacolloconectado.cl\/wp-content\/uploads\/2023\/02\/1.jpg\"><img loading=\"lazy\" decoding=\"async\" class=\"aligncenter size-full wp-image-13539\" src=\"http:\/\/www.andacolloconectado.cl\/wp-content\/uploads\/2023\/02\/1.jpg\" alt=\"1\" width=\"649\" height=\"166\" srcset=\"https:\/\/www.andacolloconectado.cl\/wp-content\/uploads\/2023\/02\/1.jpg 649w, https:\/\/www.andacolloconectado.cl\/wp-content\/uploads\/2023\/02\/1-300x77.jpg 300w\" sizes=\"(max-width: 649px) 100vw, 649px\" \/><\/a><\/p>\n","protected":false},"excerpt":{"rendered":"<p>Las actividades se llevan a cabo gracias al financiamiento de Teck Carmen de Andacollo (CDA), con apoyo de Inexcess Audio. A la fecha ya han disfrutado los sectores de Matadero, El Curque y Casuto. Andacollo.- La Uni\u00f3n Comunal de Juntas de Vecinos (UCJV) invita a toda la comunidad andacollina a vivir y ser parte de [&hellip;]<\/p>\n","protected":false},"author":3,"featured_media":0,"comment_status":"open","ping_status":"open","sticky":false,"template":"","format":"standard","meta":{"_acf_changed":false,"footnotes":""},"categories":[1],"tags":[3831,212],"acf":[],"aioseo_notices":[],"_links":{"self":[{"href":"https:\/\/www.andacolloconectado.cl\/index.php\/wp-json\/wp\/v2\/posts\/13538"}],"collection":[{"href":"https:\/\/www.andacolloconectado.cl\/index.php\/wp-json\/wp\/v2\/posts"}],"about":[{"href":"https:\/\/www.andacolloconectado.cl\/index.php\/wp-json\/wp\/v2\/types\/post"}],"author":[{"embeddable":true,"href":"https:\/\/www.andacolloconectado.cl\/index.php\/wp-json\/wp\/v2\/users\/3"}],"replies":[{"embeddable":true,"href":"https:\/\/www.andacolloconectado.cl\/index.php\/wp-json\/wp\/v2\/comments?post=13538"}],"version-history":[{"count":1,"href":"https:\/\/www.andacolloconectado.cl\/index.php\/wp-json\/wp\/v2\/posts\/13538\/revisions"}],"predecessor-version":[{"id":13541,"href":"https:\/\/www.andacolloconectado.cl\/index.php\/wp-json\/wp\/v2\/posts\/13538\/revisions\/13541"}],"wp:attachment":[{"href":"https:\/\/www.andacolloconectado.cl\/index.php\/wp-json\/wp\/v2\/media?parent=13538"}],"wp:term":[{"taxonomy":"category","embeddable":true,"href":"https:\/\/www.andacolloconectado.cl\/index.php\/wp-json\/wp\/v2\/categories?post=13538"},{"taxonomy":"post_tag","embeddable":true,"href":"https:\/\/www.andacolloconectado.cl\/index.php\/wp-json\/wp\/v2\/tags?post=13538"}],"curies":[{"name":"wp","href":"https:\/\/api.w.org\/{rel}","templated":true}]}}