{"id":13542,"date":"2023-02-09T16:12:29","date_gmt":"2023-02-09T16:12:29","guid":{"rendered":"http:\/\/www.andacolloconectado.cl\/?p=13542"},"modified":"2023-02-09T16:12:29","modified_gmt":"2023-02-09T16:12:29","slug":"la-gran-bandacollo-hizo-cantar-y-bailar-a-los-andacollinos","status":"publish","type":"post","link":"https:\/\/www.andacolloconectado.cl\/index.php\/la-gran-bandacollo-hizo-cantar-y-bailar-a-los-andacollinos\/","title":{"rendered":"LA GRAN BANDACOLLO HIZO CANTAR Y BAILAR A LOS ANDACOLLINOS"},"content":{"rendered":"<p><em><strong>Gracias a la adjudicaci\u00f3n del proyecto CAT Reactiva Cultura, postulado a trav\u00e9s de la Uni\u00f3n Comunal de la Cultura, la banda present\u00f3 cuatro conciertos en sectores rurales de la comuna.\u00a0<\/strong><\/em><\/p>\n<p>D\u00edas llenos de m\u00fasica disfrutaron las personas que escucharon a La Gran Bandacollo, agrupaci\u00f3n musical andacollina con una destacada trayectoria de 25 a\u00f1os en los escenarios nacionales, haciendo gozar al p\u00fablico con su atractivo ritmo.<\/p>\n<p>\u201cFue un acierto haber postulado a este proyecto, la gente lo goz\u00f3 mucho, porque otros grupos no llegan a lugares tan apartados de Andacollo, nosotros estuvimos en El Toro, El Molle, Chepiquilla y Maitencillo, la gente lo disfrut\u00f3, estamos muy agradecidos\u201d, se\u00f1al\u00f3 Miguel Castillo, director de La Gran Bandacollo, quien, adem\u00e1s, agradeci\u00f3 al p\u00fablico y el apoyo que recibieron por parte del municipio andacollino, \u201ctuvimos el apoyo del municipio en la locomoci\u00f3n y equipo y result\u00f3 impecable, las personas muy agradecidas y nosotros felices de poder llevar la m\u00fasica hasta ellos\u201d.<\/p>\n<p>Por su parte, la coordinaci\u00f3n estuvo a cargo de la banda en conjunto con las juntas de vecinos de los sectores elegidos para los conciertos y fue una actividad que tomaron de forma positiva, sobre todo, en este tiempo de verano.<\/p>\n<p>Tambi\u00e9n agradecieron a la empresa privada, en este caso al apoyo recibido por parte de Teck CDA, \u201ces importante que la empresa privada apoye la cultura, no tan solo la m\u00fasica, sino la pintura, la escritura y una serie de otras ramas del mismo tema, es importante el aporte y ojal\u00e1 cada a\u00f1o sean m\u00e1s todav\u00eda. Esto es gracias a los proyectos CAT postulados a trav\u00e9s de la Uni\u00f3n Comunal de la Cultura, nosotros ten\u00edamos un monto determinado y lo quisimos usar en estas cuatro presentaciones\u201d, agreg\u00f3 Miguel Castillo.<\/p>\n<p>La Gran Bandacollo est\u00e1 preparando su celebraci\u00f3n de aniversario n\u00famero 25, donde promete grabar nueva producci\u00f3n que estar\u00e1 disponible en las plataformas musicales del pa\u00eds. Una banda local que se ha destacado por el rescate de la historia musical de Andacollo, a trav\u00e9s de sus dos \u00e1lbumes, donde recopilaron m\u00fasica de los ex festivales mineros de los a\u00f1os 70\u00b4s y 80\u00b4s, cuya caracter\u00edstica principal era presentar canciones in\u00e9ditas con voces andacollinas. Sin duda, una banda sonora con una gran historia y que sigue vigente junto a sus integrantes, haciendo gozar y bailar a su querido p\u00fablico.<\/p>\n","protected":false},"excerpt":{"rendered":"<p>Gracias a la adjudicaci\u00f3n del proyecto CAT Reactiva Cultura, postulado a trav\u00e9s de la Uni\u00f3n Comunal de la Cultura, la banda present\u00f3 cuatro conciertos en sectores rurales de la comuna.\u00a0 D\u00edas llenos de m\u00fasica disfrutaron las personas que escucharon a La Gran Bandacollo, agrupaci\u00f3n musical andacollina con una destacada trayectoria de 25 a\u00f1os en los [&hellip;]<\/p>\n","protected":false},"author":3,"featured_media":0,"comment_status":"open","ping_status":"open","sticky":false,"template":"","format":"standard","meta":{"_acf_changed":false,"footnotes":""},"categories":[1],"tags":[3832,1970,3536],"acf":[],"aioseo_notices":[],"_links":{"self":[{"href":"https:\/\/www.andacolloconectado.cl\/index.php\/wp-json\/wp\/v2\/posts\/13542"}],"collection":[{"href":"https:\/\/www.andacolloconectado.cl\/index.php\/wp-json\/wp\/v2\/posts"}],"about":[{"href":"https:\/\/www.andacolloconectado.cl\/index.php\/wp-json\/wp\/v2\/types\/post"}],"author":[{"embeddable":true,"href":"https:\/\/www.andacolloconectado.cl\/index.php\/wp-json\/wp\/v2\/users\/3"}],"replies":[{"embeddable":true,"href":"https:\/\/www.andacolloconectado.cl\/index.php\/wp-json\/wp\/v2\/comments?post=13542"}],"version-history":[{"count":1,"href":"https:\/\/www.andacolloconectado.cl\/index.php\/wp-json\/wp\/v2\/posts\/13542\/revisions"}],"predecessor-version":[{"id":13544,"href":"https:\/\/www.andacolloconectado.cl\/index.php\/wp-json\/wp\/v2\/posts\/13542\/revisions\/13544"}],"wp:attachment":[{"href":"https:\/\/www.andacolloconectado.cl\/index.php\/wp-json\/wp\/v2\/media?parent=13542"}],"wp:term":[{"taxonomy":"category","embeddable":true,"href":"https:\/\/www.andacolloconectado.cl\/index.php\/wp-json\/wp\/v2\/categories?post=13542"},{"taxonomy":"post_tag","embeddable":true,"href":"https:\/\/www.andacolloconectado.cl\/index.php\/wp-json\/wp\/v2\/tags?post=13542"}],"curies":[{"name":"wp","href":"https:\/\/api.w.org\/{rel}","templated":true}]}}