{"id":13584,"date":"2023-03-02T15:20:32","date_gmt":"2023-03-02T15:20:32","guid":{"rendered":"http:\/\/www.andacolloconectado.cl\/?p=13584"},"modified":"2023-03-02T15:20:32","modified_gmt":"2023-03-02T15:20:32","slug":"jovenes-emprendedoras-andacollinas-fabrican-creativos-tejidos-artesanales","status":"publish","type":"post","link":"https:\/\/www.andacolloconectado.cl\/index.php\/jovenes-emprendedoras-andacollinas-fabrican-creativos-tejidos-artesanales\/","title":{"rendered":"J\u00d3VENES EMPRENDEDORAS ANDACOLLINAS FABRICAN CREATIVOS TEJIDOS ARTESANALES"},"content":{"rendered":"<p><em><strong>\u201cLas ara\u00f1itas de Andacollo\u201d es el nombre de esta pyme que est\u00e1 presente durante todo el a\u00f1o en las distintas ferias o fiestas de la comuna con una gran variedad de prendas y accesorios.<\/strong><\/em><\/p>\n<p>Comenzaron hace a\u00f1os, incluso antes de la pandemia, y han tenido un buen recibimiento por el p\u00fablico. Las hermanas Pizarro han desarrollado todo su talento y agilidad manual con el tejido de lanas, hilos y otros materiales para obtener originales y hermosos resultados en sus art\u00edculos.<\/p>\n<p>\u201cEs un emprendimiento que comenzamos hace a\u00f1os, nos gusta mucho, nos distrae, creamos cosas originales a medida que nos van pidiendo, y de eso se trata\u201d, explic\u00f3 Cintia Pizarro, una de las fundadoras del emprendimiento.<\/p>\n<p>Sus productos est\u00e1n disponibles durante todo el a\u00f1o y poseen una variedad como; ajuares, escarpines, gorros, turbantes, cintillos e incluso amigurumis que se realizan a pedido, este \u00faltimo es una tendencia muy popular que proviene de Jap\u00f3n y consiste en mu\u00f1ecos de peluche completamente tejidos con distintas t\u00e9cnicas dependiendo el material.<\/p>\n<p>Hace poco tiempo, las hermanas comenzaron a fabricar banderines tejidos, lo que ha tenido un buen recibimiento en sus ventas, ya que, como se\u00f1al\u00f3 Cintia \u201ces algo innovador, colorido, les gusta mucho y nos mandan a hacer hartos a pedido\u201d.<\/p>\n<p>Para conocer m\u00e1s de \u201cLas ara\u00f1itas de Andacollo\u201d puede visitar sus redes sociales @ara\u00f1itasdeandacollo y @manofecunda, sitio en el que podr\u00e1 conocer en detalle sus distintos trabajos y tambi\u00e9n el contacto telef\u00f3nico para realizar pedidos. Sin duda, una gran idea para regalar algo con sentido o simplemente comprar un producto artesanal original y realizado a mano.<\/p>\n","protected":false},"excerpt":{"rendered":"<p>\u201cLas ara\u00f1itas de Andacollo\u201d es el nombre de esta pyme que est\u00e1 presente durante todo el a\u00f1o en las distintas ferias o fiestas de la comuna con una gran variedad de prendas y accesorios. Comenzaron hace a\u00f1os, incluso antes de la pandemia, y han tenido un buen recibimiento por el p\u00fablico. Las hermanas Pizarro han [&hellip;]<\/p>\n","protected":false},"author":3,"featured_media":0,"comment_status":"open","ping_status":"open","sticky":false,"template":"","format":"standard","meta":{"_acf_changed":false,"footnotes":""},"categories":[1],"tags":[3851,3850,3852],"acf":[],"aioseo_notices":[],"_links":{"self":[{"href":"https:\/\/www.andacolloconectado.cl\/index.php\/wp-json\/wp\/v2\/posts\/13584"}],"collection":[{"href":"https:\/\/www.andacolloconectado.cl\/index.php\/wp-json\/wp\/v2\/posts"}],"about":[{"href":"https:\/\/www.andacolloconectado.cl\/index.php\/wp-json\/wp\/v2\/types\/post"}],"author":[{"embeddable":true,"href":"https:\/\/www.andacolloconectado.cl\/index.php\/wp-json\/wp\/v2\/users\/3"}],"replies":[{"embeddable":true,"href":"https:\/\/www.andacolloconectado.cl\/index.php\/wp-json\/wp\/v2\/comments?post=13584"}],"version-history":[{"count":1,"href":"https:\/\/www.andacolloconectado.cl\/index.php\/wp-json\/wp\/v2\/posts\/13584\/revisions"}],"predecessor-version":[{"id":13586,"href":"https:\/\/www.andacolloconectado.cl\/index.php\/wp-json\/wp\/v2\/posts\/13584\/revisions\/13586"}],"wp:attachment":[{"href":"https:\/\/www.andacolloconectado.cl\/index.php\/wp-json\/wp\/v2\/media?parent=13584"}],"wp:term":[{"taxonomy":"category","embeddable":true,"href":"https:\/\/www.andacolloconectado.cl\/index.php\/wp-json\/wp\/v2\/categories?post=13584"},{"taxonomy":"post_tag","embeddable":true,"href":"https:\/\/www.andacolloconectado.cl\/index.php\/wp-json\/wp\/v2\/tags?post=13584"}],"curies":[{"name":"wp","href":"https:\/\/api.w.org\/{rel}","templated":true}]}}