{"id":13635,"date":"2023-03-20T15:21:52","date_gmt":"2023-03-20T15:21:52","guid":{"rendered":"http:\/\/www.andacolloconectado.cl\/?p=13635"},"modified":"2023-03-20T15:21:52","modified_gmt":"2023-03-20T15:21:52","slug":"escuela-de-talentos-andacollinos-abre-sus-inscripciones-para-sus-talleres-artisticos-gratuitos-2023","status":"publish","type":"post","link":"https:\/\/www.andacolloconectado.cl\/index.php\/escuela-de-talentos-andacollinos-abre-sus-inscripciones-para-sus-talleres-artisticos-gratuitos-2023\/","title":{"rendered":"Escuela de Talentos Andacollinos, abre sus inscripciones para sus talleres art\u00edsticos gratuitos 2023"},"content":{"rendered":"<p>A partir del lunes 20 de marzo y hasta el viernes 31, se podr\u00e1n realizar las consultas e inscripciones, para participar de los talleres art\u00edsticos gratuitos, que la Escuela de Talentos Andacollinos pone a disposici\u00f3n de la comunidad para este a\u00f1o.<\/p>\n<p>Las inscripciones se llevar\u00e1n a cabo, en la sede de la Escuela de Talentos Andacollinos, ubicada en Calle Sierra n\u00ba 500, de 18.00 a 20:00 horas; tambi\u00e9n estar\u00e1 a disposici\u00f3n el n\u00famero de WhatsApp +569 61746487 y la p\u00e1gina web <a href=\"http:\/\/www.escueladetalentos.cl\/\">www.escueladetalentos.c<\/a>.<\/p>\n<p>Los Talleres que se impartir\u00e1n este a\u00f1o son: Teatro, Creaci\u00f3n Art\u00edstica, Fotograf\u00eda, Piano, Teor\u00eda Musical y Solfeo, M\u00fasica e Instrumentos, Gu\u00eda Tur\u00edstico y Astron\u00f3mico, Dibujo Art\u00edstico, Bater\u00eda y Folclore para Adultos Mayores.<\/p>\n<p>El detalle de los d\u00edas, horarios, contenidos y talleristas es el siguiente:<\/p>\n<p>&nbsp;<\/p>\n<p><a href=\"http:\/\/www.andacolloconectado.cl\/wp-content\/uploads\/2023\/03\/Captura-de-pantalla-2023-03-20-122008.jpg\"><img loading=\"lazy\" decoding=\"async\" class=\"aligncenter size-full wp-image-13636\" src=\"http:\/\/www.andacolloconectado.cl\/wp-content\/uploads\/2023\/03\/Captura-de-pantalla-2023-03-20-122008.jpg\" alt=\"Captura de pantalla 2023-03-20 122008\" width=\"775\" height=\"506\" srcset=\"https:\/\/www.andacolloconectado.cl\/wp-content\/uploads\/2023\/03\/Captura-de-pantalla-2023-03-20-122008.jpg 775w, https:\/\/www.andacolloconectado.cl\/wp-content\/uploads\/2023\/03\/Captura-de-pantalla-2023-03-20-122008-300x196.jpg 300w\" sizes=\"(max-width: 775px) 100vw, 775px\" \/><\/a><\/p>\n<p>&nbsp;<\/p>\n<p>Los Talleres Culturales se rigen con una metodolog\u00eda de formaci\u00f3n integral, inclusiva e intergeneracional, propia de la Escuela de Talentos, y son totalmente abiertos y gratuitos, garantizando adem\u00e1s los materiales e insumos a los alumnos.<\/p>\n<p>Este trabajo es in\u00e9dito, y viene a subsanar la ausencia en nuestro pa\u00eds de oportunidades permanentes de desarrollo humano integral, considerando las distintas etapas de la vida. As\u00ed, la Escuela de Talentos, se ha convertido en la iniciativa de formaci\u00f3n cultural, de mayor impacto en la comuna de Andacollo y una de las m\u00e1s destacadas en materia de acceso y formaci\u00f3n cultural de la regi\u00f3n de Coquimbo.<\/p>\n<p><strong>Paulo Barraza,<\/strong> <strong>Paulo Barraza, gerente de Gesti\u00f3n Comunitaria de Teck Carmen de Andacollo<\/strong>, indic\u00f3 que \u201cpara Teck siempre es grato sumarse y apoyar iniciativas que contribuyan al crecimiento y desarrollo de las personas de Andacollo, y la escuela de Talentos Andacollinos cumple un rol relevante en este sentido; generando espacios tan necesarios para el encuentro de ni\u00f1os, ni\u00f1as, j\u00f3venes y adultos en torno a la cultura y el arte. Sin duda, ser\u00e1 un gran a\u00f1o para este proyecto cultural y esperamos que m\u00e1s personas se sumen a cada uno de los talleres que ofrece la Escuela\u201d.<\/p>\n<p>Para este ciclo, la Escuela de Talentos tiene habilitadas, sus diferentes plataformas digitales\u00a0<a href=\"http:\/\/www.escueladetalentos.cl\/\">www.escueladetalentos.cl<\/a>\u00a0; el home page de Facebook e Instagram \u201cEscuela de Talentos\u201d, junto a su canal digital de YouTube y su radio comunitaria FM Voces 107.1.<\/p>\n<p>En los talleres pueden participar ni\u00f1os, ni\u00f1as, j\u00f3venes, adultos y adultos mayores, de las m\u00e1s diversas condiciones sociales, econ\u00f3micas y culturales. Siendo la integraci\u00f3n intergeneracional y la inclusi\u00f3n una de sus principales caracter\u00edsticas.<\/p>\n<p><strong>Andrea Campusano<\/strong>, <strong>Presidenta de la agrupaci\u00f3n cultural El Maray<\/strong>, destac\u00f3 que, \u201cEn estos nueve a\u00f1os consecutivos, hemos consolidado un modelo de intervenci\u00f3n, donde artistas, gestores y profesionales de la educaci\u00f3n, quieren vivenciar esta iniciativa o replicarla como experiencia de formaci\u00f3n cultual integral comunitaria en sus territorios\u201d.<\/p>\n<p>\u201cAgradezco el infinito respaldo que la comunidad andacollina nos entrega, por lo que \u00e9ste 2023, encararemos el desaf\u00edo de contar con un espacio propio y que cumpla con las necesidades de infraestructura e implementaci\u00f3n dignas, de la calidad formativa que hoy tiene nuestra Escuela de Talentos.\u201d<\/p>\n<p>La Escuela de Talentos es un espacio de formaci\u00f3n cultural integral, que desde hace 9 a\u00f1os brinda, talleres culturales, desarrolla \u00e1reas de fortalecimiento comunitario, inclusi\u00f3n social, comunicaci\u00f3n comunitaria y el intercambio cultural con organizaciones e instituciones locales, regionales y nacionales.<\/p>\n<p>La Escuela de Talentos Andacollinos es un proyecto ejecutado por la Agrupaci\u00f3n Cultural Maray, patrocinado por la Municipalidad de Andacollo, financiado por Compa\u00f1\u00eda Teck Carmen de Andacollo y el Ministerio de las Culturas, las Artes y el Patrimonio a travez de Ley de Donaciones Culturales.<\/p>\n","protected":false},"excerpt":{"rendered":"<p>A partir del lunes 20 de marzo y hasta el viernes 31, se podr\u00e1n realizar las consultas e inscripciones, para participar de los talleres art\u00edsticos gratuitos, que la Escuela de Talentos Andacollinos pone a disposici\u00f3n de la comunidad para este a\u00f1o. Las inscripciones se llevar\u00e1n a cabo, en la sede de la Escuela de Talentos [&hellip;]<\/p>\n","protected":false},"author":3,"featured_media":0,"comment_status":"open","ping_status":"open","sticky":false,"template":"","format":"standard","meta":{"_acf_changed":false,"footnotes":""},"categories":[1],"tags":[188,200,3867],"acf":[],"aioseo_notices":[],"_links":{"self":[{"href":"https:\/\/www.andacolloconectado.cl\/index.php\/wp-json\/wp\/v2\/posts\/13635"}],"collection":[{"href":"https:\/\/www.andacolloconectado.cl\/index.php\/wp-json\/wp\/v2\/posts"}],"about":[{"href":"https:\/\/www.andacolloconectado.cl\/index.php\/wp-json\/wp\/v2\/types\/post"}],"author":[{"embeddable":true,"href":"https:\/\/www.andacolloconectado.cl\/index.php\/wp-json\/wp\/v2\/users\/3"}],"replies":[{"embeddable":true,"href":"https:\/\/www.andacolloconectado.cl\/index.php\/wp-json\/wp\/v2\/comments?post=13635"}],"version-history":[{"count":1,"href":"https:\/\/www.andacolloconectado.cl\/index.php\/wp-json\/wp\/v2\/posts\/13635\/revisions"}],"predecessor-version":[{"id":13638,"href":"https:\/\/www.andacolloconectado.cl\/index.php\/wp-json\/wp\/v2\/posts\/13635\/revisions\/13638"}],"wp:attachment":[{"href":"https:\/\/www.andacolloconectado.cl\/index.php\/wp-json\/wp\/v2\/media?parent=13635"}],"wp:term":[{"taxonomy":"category","embeddable":true,"href":"https:\/\/www.andacolloconectado.cl\/index.php\/wp-json\/wp\/v2\/categories?post=13635"},{"taxonomy":"post_tag","embeddable":true,"href":"https:\/\/www.andacolloconectado.cl\/index.php\/wp-json\/wp\/v2\/tags?post=13635"}],"curies":[{"name":"wp","href":"https:\/\/api.w.org\/{rel}","templated":true}]}}