{"id":13660,"date":"2023-03-28T19:29:53","date_gmt":"2023-03-28T19:29:53","guid":{"rendered":"http:\/\/www.andacolloconectado.cl\/?p=13660"},"modified":"2023-03-28T19:29:53","modified_gmt":"2023-03-28T19:29:53","slug":"deportista-andacollino-se-destaco-en-campeonato-nacional-de-enduro","status":"publish","type":"post","link":"https:\/\/www.andacolloconectado.cl\/index.php\/deportista-andacollino-se-destaco-en-campeonato-nacional-de-enduro\/","title":{"rendered":"DEPORTISTA ANDACOLLINO SE DESTAC\u00d3 EN CAMPEONATO NACIONAL DE ENDURO"},"content":{"rendered":"<p><em><strong>El representante local viaj\u00f3 hasta Casablanca para demostrar su alto nivel de competencia en esta disciplina extrema y representar a su comuna.<\/strong><\/em><\/p>\n<p>Un nuevo y competitivo a\u00f1o inici\u00f3 el deportista andacollino Kevin P\u00e9rez, destacado deportista local, quien particip\u00f3 de la primera y segunda fecha del Campeonato Nacional de Enduro, evento realizado en el sector de Pitama, comuna de Casablanca, y que convoca a los mejores motoristas para mostrar sus habilidades y destrezas en terreno.<\/p>\n<p>El exponente de este deporte extremo logr\u00f3 dos cuartos lugares en la serie competitiva Super Expertos, la que lider\u00f3\u00a0durante la primera parte de la jornada por\u00a0segundos de diferencia, sin embargo, la ventaja de terreno fue perdida el s\u00e1bado por una falla en su rueda trasera, y, adem\u00e1s, el domingo sufri\u00f3 una ca\u00edda, que afortunadamente no dej\u00f3 consecuencias f\u00edsicas para \u00e9l.<\/p>\n<p>Entre los pilotos de la serie estelar solo existieron segundos de diferencia al finalizar el d\u00eda, despu\u00e9s de estar hasta 5 horas en los duros circuitos.<\/p>\n<p>El actual campeonato se realizar\u00e1 de manera binacional compartiendo fechas con el campeonato argentino de enduro, con la finalidad de preparar de mejor manera a los pilotos para el Mundial de Enduro SIX Days, el cual se realizar\u00e1 en San Juan, Argentina, el pr\u00f3ximo mes de noviembre, y que, por supuesto, Kevin se preparar\u00e1 con anticipaci\u00f3n para lograr representar a Chile.<\/p>\n<p>Por su parte, el deportista andacollino expresa su agradecimiento de representar a la comuna en el campeonato nacional, esto gracias al apoyo de Empresas Huerta, Rentamaq, transportes RyD, Lavados K2 Andacollo, Club Pasi\u00f3n de Motos Andacollo y a Teck Carmen de Andacollo, a trav\u00e9s de la votaci\u00f3n y posterior aprobaci\u00f3n del proyecto CAT \u00abDeportistas representando a Andacollo en el pa\u00eds\u00bb, el cual, sin duda, sirvi\u00f3 para seguir cumpliendo el sue\u00f1o en esta disciplina.<\/p>\n","protected":false},"excerpt":{"rendered":"<p>El representante local viaj\u00f3 hasta Casablanca para demostrar su alto nivel de competencia en esta disciplina extrema y representar a su comuna. Un nuevo y competitivo a\u00f1o inici\u00f3 el deportista andacollino Kevin P\u00e9rez, destacado deportista local, quien particip\u00f3 de la primera y segunda fecha del Campeonato Nacional de Enduro, evento realizado en el sector de [&hellip;]<\/p>\n","protected":false},"author":3,"featured_media":0,"comment_status":"open","ping_status":"open","sticky":false,"template":"","format":"standard","meta":{"_acf_changed":false,"footnotes":""},"categories":[1],"tags":[3874,3875,3580],"acf":[],"aioseo_notices":[],"_links":{"self":[{"href":"https:\/\/www.andacolloconectado.cl\/index.php\/wp-json\/wp\/v2\/posts\/13660"}],"collection":[{"href":"https:\/\/www.andacolloconectado.cl\/index.php\/wp-json\/wp\/v2\/posts"}],"about":[{"href":"https:\/\/www.andacolloconectado.cl\/index.php\/wp-json\/wp\/v2\/types\/post"}],"author":[{"embeddable":true,"href":"https:\/\/www.andacolloconectado.cl\/index.php\/wp-json\/wp\/v2\/users\/3"}],"replies":[{"embeddable":true,"href":"https:\/\/www.andacolloconectado.cl\/index.php\/wp-json\/wp\/v2\/comments?post=13660"}],"version-history":[{"count":1,"href":"https:\/\/www.andacolloconectado.cl\/index.php\/wp-json\/wp\/v2\/posts\/13660\/revisions"}],"predecessor-version":[{"id":13662,"href":"https:\/\/www.andacolloconectado.cl\/index.php\/wp-json\/wp\/v2\/posts\/13660\/revisions\/13662"}],"wp:attachment":[{"href":"https:\/\/www.andacolloconectado.cl\/index.php\/wp-json\/wp\/v2\/media?parent=13660"}],"wp:term":[{"taxonomy":"category","embeddable":true,"href":"https:\/\/www.andacolloconectado.cl\/index.php\/wp-json\/wp\/v2\/categories?post=13660"},{"taxonomy":"post_tag","embeddable":true,"href":"https:\/\/www.andacolloconectado.cl\/index.php\/wp-json\/wp\/v2\/tags?post=13660"}],"curies":[{"name":"wp","href":"https:\/\/api.w.org\/{rel}","templated":true}]}}