{"id":13718,"date":"2023-04-13T17:21:14","date_gmt":"2023-04-13T17:21:14","guid":{"rendered":"http:\/\/www.andacolloconectado.cl\/?p=13718"},"modified":"2023-04-13T17:21:14","modified_gmt":"2023-04-13T17:21:14","slug":"aprueban-mas-de-10-mil-millones-para-la-construccion-del-parque-oasis-de-andacollo","status":"publish","type":"post","link":"https:\/\/www.andacolloconectado.cl\/index.php\/aprueban-mas-de-10-mil-millones-para-la-construccion-del-parque-oasis-de-andacollo\/","title":{"rendered":"Aprueban m\u00e1s de $10 mil millones para la construcci\u00f3n del Parque \u201cOasis\u201d de Andacollo"},"content":{"rendered":"<p><em><strong>Gobernadora regional, Krist Naranjo, prioriz\u00f3 la iniciativa y fue aprobada por la unanimidad del Consejo Regional. <\/strong><\/em><\/p>\n<p>Las altas temperaturas en verano atraen a miles de personas a\u00f1o a a\u00f1o al Parque \u201cOasis\u201d de Andacollo, un lugar donde se realizan constantemente actividades deportivas, culturales y de entretenci\u00f3n para toda la familia, pero que no cuenta con la modernizaci\u00f3n ni espacio necesario para el desarrollo recreacional de la comunidad.<\/p>\n<p>Debido a esta necesidad y gracias al trabajo mancomunado con las autoridades locales, la gobernadora regional, Krist Naranjo, prioriz\u00f3 dentro de la tabla del Consejo Regional (CORE) la reposici\u00f3n de este espacio, lo que dio como resultado la aprobaci\u00f3n de una inversi\u00f3n superior a los $10.000 millones del Gobierno Regional.<\/p>\n<p>\u201cEra un proyecto muy esperado por la comunidad, hemos realizado un trabajo en conjunto con el alcalde y nuestros equipos t\u00e9cnicos para poder apurar este proyecto. Por fin ya tiene la Resoluci\u00f3n Satisfactoria (RS), en donde nosotros ya lo estamos priorizando como un proyecto importante para la comunidad de Andacollo que le va a cambiar la cara a la misma ciudad, asique estamos muy felices como Gobierno Regional de poder ya hacer andar este anhelado proyecto\u201d, afirm\u00f3 la gobernadora.<\/p>\n<p>Por su parte, el consejero regional, Javier Vega, presidente de la comisi\u00f3n de Presupuesto, se\u00f1al\u00f3 que este proyecto \u201ccontempla una gran inversi\u00f3n que hoy d\u00eda viene a generar trabajo y que, adem\u00e1s, genera un mejoramiento en la calidad de vida de la gente que vive en Andacollo, considerando que es un sector de sacrificio y que hoy d\u00eda tenemos que hacer todo lo posible para equilibrar la ejecuci\u00f3n presupuestaria, que llegue a todos los territorios de la regi\u00f3n\u201d.<\/p>\n<p>Contento con la noticia, el alcalde de Andacollo, Gerald Cerda, manifest\u00f3 que \u201chay muy buenas noticias para nuestra comuna de Andacollo, como bien saben nuestros vecinos el Parque Oasis no es algo nuevo, ven\u00eda hace muchos a\u00f1os y entre las observaciones y muchas cosas que han pasado hab\u00eda que tener mucha paciencia y perseverancia para que en alg\u00fan momento pudi\u00e9ramos tener la ejecuci\u00f3n del proyecto. Lamentablemente, en vista que ha tenido percances en su desarrollo, hoy alcanza una cifra muy distinta que al principio\u201d.<\/p>\n<p>La primera autoridad comunal agreg\u00f3 que \u201ceste es el \u00fanico parque urbano que tiene Andacollo, que tiene \u00e1reas verdes, que tiene una multiplicidad de disciplinas deportivas y obviamente lo que contrae la fuerza laboral, puesto que la empleabilidad ha ido descendiendo en nuestra comuna\u201d.<\/p>\n<p>Sobre el proyecto, se contempla la reposici\u00f3n del espacio p\u00fablico de 12.169 m2, comprende pileta de agua; sal\u00f3n multiuso; terraza sal\u00f3n; cocina; ba\u00f1o p\u00fablico; enfermer\u00eda; boleter\u00eda; camarines hombres; camarines mujeres; quiosco; terrazas; piscina; sala de m\u00e1quinas; multicancha techada; grader\u00edas; multicancha; cancha de tenis; cancha paddle; cancha voleyball; cancha hockey pat\u00edn; juegos infantiles; \u00e1rea m\u00e1quinas; anfiteatro (1.157 personas sentadas); pista de running y ciclov\u00eda y zona quincho, entre otros espacios para recreaci\u00f3n y deporte.<\/p>\n","protected":false},"excerpt":{"rendered":"<p>Gobernadora regional, Krist Naranjo, prioriz\u00f3 la iniciativa y fue aprobada por la unanimidad del Consejo Regional. Las altas temperaturas en verano atraen a miles de personas a\u00f1o a a\u00f1o al Parque \u201cOasis\u201d de Andacollo, un lugar donde se realizan constantemente actividades deportivas, culturales y de entretenci\u00f3n para toda la familia, pero que no cuenta con [&hellip;]<\/p>\n","protected":false},"author":3,"featured_media":0,"comment_status":"open","ping_status":"open","sticky":false,"template":"","format":"standard","meta":{"_acf_changed":false,"footnotes":""},"categories":[1],"tags":[3804],"acf":[],"aioseo_notices":[],"_links":{"self":[{"href":"https:\/\/www.andacolloconectado.cl\/index.php\/wp-json\/wp\/v2\/posts\/13718"}],"collection":[{"href":"https:\/\/www.andacolloconectado.cl\/index.php\/wp-json\/wp\/v2\/posts"}],"about":[{"href":"https:\/\/www.andacolloconectado.cl\/index.php\/wp-json\/wp\/v2\/types\/post"}],"author":[{"embeddable":true,"href":"https:\/\/www.andacolloconectado.cl\/index.php\/wp-json\/wp\/v2\/users\/3"}],"replies":[{"embeddable":true,"href":"https:\/\/www.andacolloconectado.cl\/index.php\/wp-json\/wp\/v2\/comments?post=13718"}],"version-history":[{"count":1,"href":"https:\/\/www.andacolloconectado.cl\/index.php\/wp-json\/wp\/v2\/posts\/13718\/revisions"}],"predecessor-version":[{"id":13720,"href":"https:\/\/www.andacolloconectado.cl\/index.php\/wp-json\/wp\/v2\/posts\/13718\/revisions\/13720"}],"wp:attachment":[{"href":"https:\/\/www.andacolloconectado.cl\/index.php\/wp-json\/wp\/v2\/media?parent=13718"}],"wp:term":[{"taxonomy":"category","embeddable":true,"href":"https:\/\/www.andacolloconectado.cl\/index.php\/wp-json\/wp\/v2\/categories?post=13718"},{"taxonomy":"post_tag","embeddable":true,"href":"https:\/\/www.andacolloconectado.cl\/index.php\/wp-json\/wp\/v2\/tags?post=13718"}],"curies":[{"name":"wp","href":"https:\/\/api.w.org\/{rel}","templated":true}]}}