{"id":13777,"date":"2023-05-03T13:56:11","date_gmt":"2023-05-03T13:56:11","guid":{"rendered":"http:\/\/www.andacolloconectado.cl\/?p=13777"},"modified":"2023-05-03T13:57:27","modified_gmt":"2023-05-03T13:57:27","slug":"ley-de-40-horas-debuta-en-programa-de-apoyo-a-pymes","status":"publish","type":"post","link":"https:\/\/www.andacolloconectado.cl\/index.php\/ley-de-40-horas-debuta-en-programa-de-apoyo-a-pymes\/","title":{"rendered":"LEY DE 40 HORAS DEBUTA EN PROGRAMA DE APOYO A PYMES"},"content":{"rendered":"<p><em><strong>Sercotec anunci\u00f3 la apertura del programa Crece, iniciativa que otorga un subsidio de $5 millones para peque\u00f1as empresas y cooperativas, y que este a\u00f1o considera un ajuste para privilegiar a postulantes que adelanten la reducci\u00f3n de la jornada laboral para sus trabajadores.<\/strong><\/em><\/p>\n<p>Santiago, 2 de mayo 2023.- Para los empresarios y empresarias que buscan impulsar sus negocios, el Servicio de Cooperaci\u00f3n T\u00e9cnica, dependiente del Ministerio de Econom\u00eda, abri\u00f3 la postulaci\u00f3n a su programa Crece, fondo concursable orientado al fortalecimiento de las peque\u00f1as empresas y cooperativas.<\/p>\n<p>El lanzamiento se realiz\u00f3 en la f\u00e1brica de chocolates Oden, ubicada en Conchal\u00ed, beneficiaria de la convocatoria 2022, hasta donde lleg\u00f3 la gerenta general de Sercotec, Cecilia Schr\u00f6der, junto al subsecretario del Trabajo, Giorgio Boccardo, quienes dieron a conocer los detalles de la iniciativa.<\/p>\n<p><strong>El programa otorga un subsidio de $5 millones para capacitaci\u00f3n, asistencia t\u00e9cnica, marketing, habilitaci\u00f3n de infraestructura, compra de activos y capital de trabajo, con el objetivo de que las empresas y cooperativas beneficiarias puedan desarrollarse y acceder a nuevas oportunidades de negocios.<\/strong><\/p>\n<p>Esta convocatoria marcar\u00e1, adem\u00e1s, el debut de la Ley 40 Horas en este tipo de programas, mediante la incorporaci\u00f3n de un nuevo criterio de evaluaci\u00f3n que privilegiar\u00e1 a las empresas postulantes que implementen de forma anticipada la reducci\u00f3n de la jornada laboral establecida en la nueva ley.<\/p>\n<p>La nueva normativa establece que algunas instituciones, como Sercotec, deber\u00e1n considerar un puntaje adicional al evaluar las postulaciones de empresas de menor tama\u00f1o que se acojan a la Ley 40 Horas antes de que se complete su implementaci\u00f3n gradual. En el caso del Crece se considerar\u00e1 con una valoraci\u00f3n positiva, con ponderaci\u00f3n del 5% en el an\u00e1lisis del Comit\u00e9 de Evaluaci\u00f3n Regional (CER), a aquellas pymes que cuenten con el Sello 40 Horas que entrega el Ministerio del Trabajo y Previsi\u00f3n Social.<\/p>\n<p>\u201cLa Ley 40 Horas ya es una realidad y hoy lo vemos aqu\u00ed con el inicio de las postulaciones al programa Crece de Sercotec. El primer programa en el que aquellas empresas que cuenten con el Sello 40 horas y que postulen a esta instancia, contar\u00e1n con un puntaje adicional tal cual lo estipula la ley. Como Gobierno adquirimos un compromiso de no dejar solas a las pymes en este proceso y este hito es parte de eso\u201d, dijo el subsecretario Giorgio Boccardo.<\/p>\n<p>Por su parte, la gerenta general de Sercotec, Cecilia Schr\u00f6der, destac\u00f3 que \u201ceste puntaje adicional es una de las novedades que incluye la Ley 40 Horas y nos complace estar aplic\u00e1ndolo por primera vez en las postulaciones al fondo concursable Crece, que cuenta con un presupuesto total de $9.072 millones, con el que se espera beneficiar a 1.558 micro y peque\u00f1as empresas y cooperativas en todo el pa\u00eds\u201d.<\/p>\n<p><strong>Pueden postular personas naturales o jur\u00eddicas, con inicio de actividades ante el Servicio de Impuestos Internos, que tengan una actividad econ\u00f3mica coherente con la focalizaci\u00f3n de la convocatoria y ventas netas anuales de entre 200 y 25.000 UF. Excepcionalmente podr\u00e1n postular tambi\u00e9n empresas que demuestren ventas menores, de al menos 20 UF, cuando tengan menos de un a\u00f1o de inicio de actividades, con un m\u00ednimo de 3 meses de antig\u00fcedad contados desde la fecha de inicio de la convocatoria.<\/strong><\/p>\n<p>Otros posibles beneficiarios son las cooperativas con iniciaci\u00f3n de actividades que registren ventas promedio por asociado inferiores a las 25.000 UF. Esto se calcula con el monto de las ventas totales de la cooperativa dividido por el n\u00famero de asociados. Se excluyen las cooperativas de servicios financieros.<\/p>\n<p>Desde el 2015 a la fecha, m\u00e1s de 11 mil micro y peque\u00f1as empresas y cooperativas han accedido a este instrumento, y el a\u00f1o pasado por primera vez la mayor\u00eda de negocios beneficiarios fueron liderados por mujeres (54%), aun siendo m\u00e1s los hombres postulantes. Un an\u00e1lisis a los resultados del programa en base a las empresas beneficiarias de 2021 detect\u00f3 que m\u00e1s de la mitad de estas registr\u00f3 incrementos significativos en sus ventas tras un a\u00f1o de implementaci\u00f3n, y el universo de beneficiarios en esa convocatoria alcanz\u00f3 un aumento real de ventas por m\u00e1s de 45 mil millones de pesos en total.<\/p>\n<p><strong>La postulaci\u00f3n estar\u00e1 abierta desde el 2 hasta el 12 de mayo en <\/strong><a href=\"http:\/\/www.sercotec.cl\"><strong>www.sercotec.cl<\/strong><\/a><\/p>\n","protected":false},"excerpt":{"rendered":"<p>Sercotec anunci\u00f3 la apertura del programa Crece, iniciativa que otorga un subsidio de $5 millones para peque\u00f1as empresas y cooperativas, y que este a\u00f1o considera un ajuste para privilegiar a postulantes que adelanten la reducci\u00f3n de la jornada laboral para sus trabajadores. Santiago, 2 de mayo 2023.- Para los empresarios y empresarias que buscan impulsar [&hellip;]<\/p>\n","protected":false},"author":3,"featured_media":0,"comment_status":"open","ping_status":"open","sticky":false,"template":"","format":"standard","meta":{"_acf_changed":false,"footnotes":""},"categories":[1],"tags":[3919,3920,250],"acf":[],"aioseo_notices":[],"_links":{"self":[{"href":"https:\/\/www.andacolloconectado.cl\/index.php\/wp-json\/wp\/v2\/posts\/13777"}],"collection":[{"href":"https:\/\/www.andacolloconectado.cl\/index.php\/wp-json\/wp\/v2\/posts"}],"about":[{"href":"https:\/\/www.andacolloconectado.cl\/index.php\/wp-json\/wp\/v2\/types\/post"}],"author":[{"embeddable":true,"href":"https:\/\/www.andacolloconectado.cl\/index.php\/wp-json\/wp\/v2\/users\/3"}],"replies":[{"embeddable":true,"href":"https:\/\/www.andacolloconectado.cl\/index.php\/wp-json\/wp\/v2\/comments?post=13777"}],"version-history":[{"count":1,"href":"https:\/\/www.andacolloconectado.cl\/index.php\/wp-json\/wp\/v2\/posts\/13777\/revisions"}],"predecessor-version":[{"id":13779,"href":"https:\/\/www.andacolloconectado.cl\/index.php\/wp-json\/wp\/v2\/posts\/13777\/revisions\/13779"}],"wp:attachment":[{"href":"https:\/\/www.andacolloconectado.cl\/index.php\/wp-json\/wp\/v2\/media?parent=13777"}],"wp:term":[{"taxonomy":"category","embeddable":true,"href":"https:\/\/www.andacolloconectado.cl\/index.php\/wp-json\/wp\/v2\/categories?post=13777"},{"taxonomy":"post_tag","embeddable":true,"href":"https:\/\/www.andacolloconectado.cl\/index.php\/wp-json\/wp\/v2\/tags?post=13777"}],"curies":[{"name":"wp","href":"https:\/\/api.w.org\/{rel}","templated":true}]}}