{"id":13857,"date":"2023-05-30T13:27:16","date_gmt":"2023-05-30T13:27:16","guid":{"rendered":"http:\/\/www.andacolloconectado.cl\/?p=13857"},"modified":"2023-05-30T13:27:16","modified_gmt":"2023-05-30T13:27:16","slug":"escuela-de-talentos-busca-soluciones-urgentes-ante-la-necesidad-de-contar-con-un-espacio-digno","status":"publish","type":"post","link":"https:\/\/www.andacolloconectado.cl\/index.php\/escuela-de-talentos-busca-soluciones-urgentes-ante-la-necesidad-de-contar-con-un-espacio-digno\/","title":{"rendered":"Escuela de Talentos busca soluciones urgentes ante la necesidad de contar con un espacio digno"},"content":{"rendered":"<p>La escuela de talentos Andacollinos, ha iniciado un proceso participativo de visibilizaci\u00f3n, para contar con una infraestructura propia, que permitan realizar de forma digna, sus actividades culturales. Esto, luego del record de inscritos en sus talleres culturales 2023 (que superan las 200 personas), el trabajo terap\u00e9utico de decenas de ni\u00f1os y ni\u00f1as en la sala multisensorial, la falta de arreglos o nueva infraestructura en la Casa del Cirujano Videla y el colapso del sistema sanitario.<\/p>\n<p>La gran cantidad de alumnos, han superado la capacidad edilicia y obligado a los talleristas, a utilizar 2 salones de forma simultaneas, dividir sus horas y en grupos a sus alumnos y alumnas. Por su parte, las atenciones terap\u00e9uticas en la sala multisensorial, se deben realizar en una sola franja horaria y los artistas comunales, debieron suspender sus ensayos.<\/p>\n<p>Por ello, y luego de un encuentro masivo; donde participaron alumnos, apoderados, monitores, docentes; el equipo directivo de la agrupaci\u00f3n comunitaria decidi\u00f3:<\/p>\n<p>Oficiar a las autoridades locales y regionales pertinentes, la problem\u00e1tica para que conozcan la importancia de la cultura en la formaci\u00f3n integral del ser humano y den cumplimiento de sus obligaciones como funcionarios p\u00fablicos, ante el derecho a la cultura y la demanda de infraestructura cultural, como necesidad real y concreta.<\/p>\n<p>Iniciar un trabajo participativo para la restauraci\u00f3n patrimonial de la Casa del Cirujano Videla, que contemple su total resguardo y construcci\u00f3n, de una infraestructura acorde con la materialidad, naturaleza, cosmovisi\u00f3n e identidad de nuestra comuna y regi\u00f3n.<\/p>\n<p>Generar junto a otras organizaciones e instituciones una propuesta de Casa Patrimonial del Cirujano Videla, espacio cultural y de divulgaci\u00f3n del patrimonio hist\u00f3rico, minero, religioso, astron\u00f3mico y cultural de manera l\u00fadica y participativa.<\/p>\n<p>Explorar y desarrollar un proyecto que cumpla con las obligaciones t\u00e9cnicas y factibilidades de fondos de financiamiento de infraestructura cultural, consistente en la adquisici\u00f3n de un inmueble,\u00a0que re\u00fana las condiciones edilicias y localizaci\u00f3n, que permitan realizar diferentes\u00a0actividades culturales e impartir talleres\u00a0de formaci\u00f3n art\u00edstica, propias de la Uni\u00f3n Comunal de la Cultura y la escuela de talentos andacollinos.<\/p>\n<p>Andrea Campusano Gonz\u00e1lez, directora de la Escuela de Talentos comenta que <em>\u201cEn este desaf\u00edo, estamos m\u00e1s unidos que nunca, convocando y organiz\u00e1ndonos para visibilizar las necesidades de un trabajo comunitario que lleva 10 a\u00f1os y es de todos y todas las andacollinas\u201d <\/em>Adem\u00e1s recalc\u00f3 que <em>\u201cNo descansaremos hasta tener nuestro espacio f\u00edsico propio y digno, para que ni\u00f1as, ni\u00f1os, j\u00f3venes, adultos y adultos mayores, puedan tener una formaci\u00f3n cultural integral, sin barreras de ning\u00fan tipo\u201d. <\/em><\/p>\n<p>De esta manera, la escuela de talento persiste en garantizar el acceso a la formaci\u00f3n cultural integral a cientos de andacollinos; ser un espacio de inclusi\u00f3n y contenci\u00f3n comunitaria, adem\u00e1s de plataforma y semilleros de grandes artistas de la comuna.<\/p>\n<p>La Escuela de Talentos Andacollinos es un proyecto ejecutado por la Agrupaci\u00f3n Cultural Maray, patrocinado por la Municipalidad de Andacollo, financiado por Compa\u00f1\u00eda Teck Carmen de Andacollo y el Ministerio de las Culturas, las Artes y el Patrimonio a trav\u00e9s de Ley de Donaciones Culturales.<\/p>\n","protected":false},"excerpt":{"rendered":"<p>La escuela de talentos Andacollinos, ha iniciado un proceso participativo de visibilizaci\u00f3n, para contar con una infraestructura propia, que permitan realizar de forma digna, sus actividades culturales. Esto, luego del record de inscritos en sus talleres culturales 2023 (que superan las 200 personas), el trabajo terap\u00e9utico de decenas de ni\u00f1os y ni\u00f1as en la sala [&hellip;]<\/p>\n","protected":false},"author":3,"featured_media":0,"comment_status":"open","ping_status":"open","sticky":false,"template":"","format":"standard","meta":{"_acf_changed":false,"footnotes":""},"categories":[1],"tags":[188],"acf":[],"aioseo_notices":[],"_links":{"self":[{"href":"https:\/\/www.andacolloconectado.cl\/index.php\/wp-json\/wp\/v2\/posts\/13857"}],"collection":[{"href":"https:\/\/www.andacolloconectado.cl\/index.php\/wp-json\/wp\/v2\/posts"}],"about":[{"href":"https:\/\/www.andacolloconectado.cl\/index.php\/wp-json\/wp\/v2\/types\/post"}],"author":[{"embeddable":true,"href":"https:\/\/www.andacolloconectado.cl\/index.php\/wp-json\/wp\/v2\/users\/3"}],"replies":[{"embeddable":true,"href":"https:\/\/www.andacolloconectado.cl\/index.php\/wp-json\/wp\/v2\/comments?post=13857"}],"version-history":[{"count":1,"href":"https:\/\/www.andacolloconectado.cl\/index.php\/wp-json\/wp\/v2\/posts\/13857\/revisions"}],"predecessor-version":[{"id":13859,"href":"https:\/\/www.andacolloconectado.cl\/index.php\/wp-json\/wp\/v2\/posts\/13857\/revisions\/13859"}],"wp:attachment":[{"href":"https:\/\/www.andacolloconectado.cl\/index.php\/wp-json\/wp\/v2\/media?parent=13857"}],"wp:term":[{"taxonomy":"category","embeddable":true,"href":"https:\/\/www.andacolloconectado.cl\/index.php\/wp-json\/wp\/v2\/categories?post=13857"},{"taxonomy":"post_tag","embeddable":true,"href":"https:\/\/www.andacolloconectado.cl\/index.php\/wp-json\/wp\/v2\/tags?post=13857"}],"curies":[{"name":"wp","href":"https:\/\/api.w.org\/{rel}","templated":true}]}}