{"id":13916,"date":"2023-06-16T13:52:40","date_gmt":"2023-06-16T13:52:40","guid":{"rendered":"http:\/\/www.andacolloconectado.cl\/?p=13916"},"modified":"2023-06-16T13:52:40","modified_gmt":"2023-06-16T13:52:40","slug":"mas-de-75-mil-pensionados-recibiran-aporte-extraordinario-del-bono-invierno-en-la-region-de-coquimbo","status":"publish","type":"post","link":"https:\/\/www.andacolloconectado.cl\/index.php\/mas-de-75-mil-pensionados-recibiran-aporte-extraordinario-del-bono-invierno-en-la-region-de-coquimbo\/","title":{"rendered":"M\u00e1s de 75 mil pensionados recibir\u00e1n aporte extraordinario del Bono Invierno en la Regi\u00f3n de Coquimbo"},"content":{"rendered":"<p><strong><em>La iniciativa que entrega un aporte extra de 60 mil pesos a adultos mayores fue aprobada de forma un\u00e1nime en el Senado<\/em><\/strong><\/p>\n<p>Tras una semana de tr\u00e1mite legislativo, qued\u00f3 listo para ser ley el proyecto que entregar\u00e1 un aporte complementario de 60 mil pesos al de Bono Invierno. La propuesta, anunciada por el Presidente Gabriel Boric en su cuenta p\u00fablica, tuvo un respaldo transversal y, gracias a ello, se podr\u00e1 beneficiar a m\u00e1s de 75 mil pensionados de la Regi\u00f3n de Coquimbo.<\/p>\n<p>Al respecto, el Delegado Presidencial Regional, Rub\u00e9n Quezada, valor\u00f3 la rapidez con que se abord\u00f3 esta medida y el trabajo conjunto del Ejecutivo con el Congreso para sacar adelante iniciativas que van en apoyo de quienes m\u00e1s lo necesitan.<\/p>\n<p><strong>\u201cBueno, quiero destacar que una vez m\u00e1s, cuando el Gobierno propone y el Parlamento respalda pasan cosas buenas en la Regi\u00f3n de Coquimbo, ya que m\u00e1s de setenta y cinco mil personas recibir\u00e1n un apoyo econ\u00f3mico complementario este invierno de manera autom\u00e1tica y sin necesidad de postular\u201d, explic\u00f3 el Delegado Quezada.<\/strong><\/p>\n<p>El Bono Invierno 2023 correspondi\u00f3 a $74.767 y se pag\u00f3 durante el mes de mayo a cerca de 1 mill\u00f3n 600 mil pensionados a nivel pa\u00eds. A trav\u00e9s de la iniciativa, recientemente aprobada, se entregar\u00e1n $60.000 adicionales para elevar el monto total del aporte a $134.767.<\/p>\n<p>Por su parte, la Vocera Regional, Paulina Mora, resalt\u00f3 que para la entrega de este aporte extraordinario, el Gobierno va a realizar un esfuerzo fiscal importante que llega a los 1200 millones de d\u00f3lares en total. <strong>\u201cSeg\u00fan la informaci\u00f3n que nos entreg\u00f3 el IPS, ser\u00edan 75.655 personas las que estar\u00edan cumpliendo los requisitos para la asignaci\u00f3n de este beneficio extra. Estamos contentos, que con este nuevo aporte apoyemos a los pensionados de la Regi\u00f3n de Coquimbo con m\u00e1s de \u00a010 mil millones de pesos, porque sabemos que esta es una \u00e9poca dura y compleja para ellos\u201d. <\/strong><\/p>\n<p>Respecto a los beneficiarios, la Seremi del Trabajo y Previsi\u00f3n Social, Claudia Santander, explic\u00f3 que <strong>\u201c<\/strong><strong>es <\/strong><strong>importante enfatizar en qui\u00e9nes recibir\u00e1n el aumento del bono invierno. Al promulgarse el proyecto de ley, son los mismos beneficiarios y beneficiarias que ya lo recibieron en mayo, es decir, las personas de sesenta y cinco a\u00f1os o m\u00e1s con pensiones autofinanciadas menores a doscientos un mil ciento setenta y siete pesos. Sin incluir, en esta cifra, el monto que puedan percibir por la pensi\u00f3n garantizada universal o aporte provisional solidario de la vejez. Lo relevante es recalcar que el pago de este complemento se realiza de forma autom\u00e1tica, junto a la pensi\u00f3n, ya sea en la cuenta Rut o en la caja que corresponde\u201d, precis\u00f3.<\/strong><\/p>\n<p>El aporte extra al Bono de Invierno se encuentra dentro de las medidas anunciadas por el Presidente Gabriel Boric, en su Cuenta P\u00fablica, y se suma a otras ya implementadas, como el incremento del salario m\u00ednimo, con gradualidad, a $500.000; el reajuste a la Asignaci\u00f3n Familiar y a sus tramos; el reajuste en 20% del monto del Subsidio \u00danico Familiar; la creaci\u00f3n del Bolsillo Familiar Electr\u00f3nico; la extensi\u00f3n del Subsidio Protege y del IFE Laboral, entre otras.<\/p>\n","protected":false},"excerpt":{"rendered":"<p>La iniciativa que entrega un aporte extra de 60 mil pesos a adultos mayores fue aprobada de forma un\u00e1nime en el Senado Tras una semana de tr\u00e1mite legislativo, qued\u00f3 listo para ser ley el proyecto que entregar\u00e1 un aporte complementario de 60 mil pesos al de Bono Invierno. La propuesta, anunciada por el Presidente Gabriel [&hellip;]<\/p>\n","protected":false},"author":3,"featured_media":0,"comment_status":"open","ping_status":"open","sticky":false,"template":"","format":"standard","meta":{"_acf_changed":false,"footnotes":""},"categories":[1],"tags":[3969,258],"acf":[],"aioseo_notices":[],"_links":{"self":[{"href":"https:\/\/www.andacolloconectado.cl\/index.php\/wp-json\/wp\/v2\/posts\/13916"}],"collection":[{"href":"https:\/\/www.andacolloconectado.cl\/index.php\/wp-json\/wp\/v2\/posts"}],"about":[{"href":"https:\/\/www.andacolloconectado.cl\/index.php\/wp-json\/wp\/v2\/types\/post"}],"author":[{"embeddable":true,"href":"https:\/\/www.andacolloconectado.cl\/index.php\/wp-json\/wp\/v2\/users\/3"}],"replies":[{"embeddable":true,"href":"https:\/\/www.andacolloconectado.cl\/index.php\/wp-json\/wp\/v2\/comments?post=13916"}],"version-history":[{"count":1,"href":"https:\/\/www.andacolloconectado.cl\/index.php\/wp-json\/wp\/v2\/posts\/13916\/revisions"}],"predecessor-version":[{"id":13918,"href":"https:\/\/www.andacolloconectado.cl\/index.php\/wp-json\/wp\/v2\/posts\/13916\/revisions\/13918"}],"wp:attachment":[{"href":"https:\/\/www.andacolloconectado.cl\/index.php\/wp-json\/wp\/v2\/media?parent=13916"}],"wp:term":[{"taxonomy":"category","embeddable":true,"href":"https:\/\/www.andacolloconectado.cl\/index.php\/wp-json\/wp\/v2\/categories?post=13916"},{"taxonomy":"post_tag","embeddable":true,"href":"https:\/\/www.andacolloconectado.cl\/index.php\/wp-json\/wp\/v2\/tags?post=13916"}],"curies":[{"name":"wp","href":"https:\/\/api.w.org\/{rel}","templated":true}]}}