{"id":14066,"date":"2023-08-08T20:30:10","date_gmt":"2023-08-08T20:30:10","guid":{"rendered":"http:\/\/www.andacolloconectado.cl\/?p=14066"},"modified":"2023-08-08T20:30:10","modified_gmt":"2023-08-08T20:30:10","slug":"andacollo-nuevamente-es-protagonista-del-campeonato-zonal-norte-de-enduro","status":"publish","type":"post","link":"https:\/\/www.andacolloconectado.cl\/index.php\/andacollo-nuevamente-es-protagonista-del-campeonato-zonal-norte-de-enduro\/","title":{"rendered":"Andacollo nuevamente es protagonista del Campeonato Zonal Norte de Enduro"},"content":{"rendered":"<p>Luego de estar ausente del campeonato nortino por algunos a\u00f1os y despu\u00e9s de\u00a0haberlo ganado en tres oportunidades, el Piloto Andacollino Kevin P\u00e9rez en su regreso a la 5ta fecha del Campeonato Zonal Norte de enduro, vuelve a ganar la serie m\u00e1s r\u00e1pida (Super Expertos), en un certamen que lo vio nacer como piloto, que lider\u00f3 tantas veces y que debi\u00f3 abandonar para focalizar los gastos en el campeonato nacional.<\/p>\n<p>La tradicional prueba, fue realizada durante el s\u00e1bado y domingo en el sector de Buenos Aires de Punilla en Ovalle, reuniendo a un masivo p\u00fablico y cerca de 300 pilotos de la III, IV y V Regi\u00f3n, de los cuales, el m\u00e1s r\u00e1pido fue el andacollino, superando por 5 minutos a su m\u00e1s cercano competidor.<\/p>\n<p>Aunque no fue sorpresa su contundente victoria en su retorno ya que el piloto, campe\u00f3n nacional 2021, campe\u00f3n harescramble de enduro 2022 y uno de los actuales protagonista del Campeonato Nacional de Enduro FIM en la Categor\u00eda Pro Junior, se est\u00e1 preparando arduamente en terrenos nortinos para representar al Pa\u00eds y a\u00a0 Andacollo en el pr\u00f3ximo Mundial de enduro ISDE que se realizar\u00e1 en San Juan, Argentina en noviembre del presente a\u00f1o, para ello est\u00e1 gestionando su participaci\u00f3n\u00a0 a trav\u00e9s\u00a0 los proyectos Cat y del apoyo del Club Pasi\u00f3n de Motos Andacollo, Empresas Huerta, transportes RyD, Rentamaq, Skr-gravity,\u00a0 Ctsmotos, Sportlife La Serena, gracias a los cuales a podido mantener su participaci\u00f3n en el campeonato nacional.<\/p>\n","protected":false},"excerpt":{"rendered":"<p>Luego de estar ausente del campeonato nortino por algunos a\u00f1os y despu\u00e9s de\u00a0haberlo ganado en tres oportunidades, el Piloto Andacollino Kevin P\u00e9rez en su regreso a la 5ta fecha del Campeonato Zonal Norte de enduro, vuelve a ganar la serie m\u00e1s r\u00e1pida (Super Expertos), en un certamen que lo vio nacer como piloto, que lider\u00f3 [&hellip;]<\/p>\n","protected":false},"author":3,"featured_media":0,"comment_status":"open","ping_status":"open","sticky":false,"template":"","format":"standard","meta":{"_acf_changed":false,"footnotes":""},"categories":[1],"tags":[4020,3580],"acf":[],"aioseo_notices":[],"_links":{"self":[{"href":"https:\/\/www.andacolloconectado.cl\/index.php\/wp-json\/wp\/v2\/posts\/14066"}],"collection":[{"href":"https:\/\/www.andacolloconectado.cl\/index.php\/wp-json\/wp\/v2\/posts"}],"about":[{"href":"https:\/\/www.andacolloconectado.cl\/index.php\/wp-json\/wp\/v2\/types\/post"}],"author":[{"embeddable":true,"href":"https:\/\/www.andacolloconectado.cl\/index.php\/wp-json\/wp\/v2\/users\/3"}],"replies":[{"embeddable":true,"href":"https:\/\/www.andacolloconectado.cl\/index.php\/wp-json\/wp\/v2\/comments?post=14066"}],"version-history":[{"count":1,"href":"https:\/\/www.andacolloconectado.cl\/index.php\/wp-json\/wp\/v2\/posts\/14066\/revisions"}],"predecessor-version":[{"id":14068,"href":"https:\/\/www.andacolloconectado.cl\/index.php\/wp-json\/wp\/v2\/posts\/14066\/revisions\/14068"}],"wp:attachment":[{"href":"https:\/\/www.andacolloconectado.cl\/index.php\/wp-json\/wp\/v2\/media?parent=14066"}],"wp:term":[{"taxonomy":"category","embeddable":true,"href":"https:\/\/www.andacolloconectado.cl\/index.php\/wp-json\/wp\/v2\/categories?post=14066"},{"taxonomy":"post_tag","embeddable":true,"href":"https:\/\/www.andacolloconectado.cl\/index.php\/wp-json\/wp\/v2\/tags?post=14066"}],"curies":[{"name":"wp","href":"https:\/\/api.w.org\/{rel}","templated":true}]}}