{"id":14079,"date":"2023-08-11T15:14:42","date_gmt":"2023-08-11T15:14:42","guid":{"rendered":"http:\/\/www.andacolloconectado.cl\/?p=14079"},"modified":"2023-08-11T15:14:42","modified_gmt":"2023-08-11T15:14:42","slug":"establecimientos-educacionales-publicos-de-andacollo-contaran-con-renovado-equipamiento-pedagogico","status":"publish","type":"post","link":"https:\/\/www.andacolloconectado.cl\/index.php\/establecimientos-educacionales-publicos-de-andacollo-contaran-con-renovado-equipamiento-pedagogico\/","title":{"rendered":"Establecimientos educacionales p\u00fablicos de Andacollo contar\u00e1n con renovado equipamiento pedag\u00f3gico"},"content":{"rendered":"<p><em><strong>Gracias al trabajo colaborativo entre el Servicio Local Puerto Cordillera y Teck CDA, el Centro de Educaci\u00f3n Integral de Adultos (CEIA) y el Jard\u00edn Infantil y Sala Cuna Soles de Oro contar\u00e1n con nuevas herramientas pedag\u00f3gicas para fomentar la educaci\u00f3n de calidad, integral e inclusiva.<\/strong><\/em><\/p>\n<p>Gracias a un convenio de colaboraci\u00f3n entre el Servicio Local de Educaci\u00f3n P\u00fablica Puerto Cordillera y Teck CDA, los establecimientos educacionales Centro de Educaci\u00f3n Integral de Adultos (CEIA) y Jard\u00edn Infantil y Sala Cuna Soles de Oro recibieron un importante equipamiento pedag\u00f3gico para incentivar los aprendizajes de calidad, integral e inclusivos de la educaci\u00f3n inicial, j\u00f3venes y adultos de la comuna de Andacollo.<\/p>\n<p>La iniciativa busca generar espacios de colaboraci\u00f3n con innovaci\u00f3n para el reencuentro educativo, consistente en una serie de materiales como Kits para Aprendizajes Basados en Proyectos (ABP), implementaci\u00f3n tem\u00e1tica para aulas y recursos pedag\u00f3gicos tecnol\u00f3gicos, como proyectores, pizarras y pantallas, as\u00ed como tambi\u00e9n elementos para favorecer a la inclusi\u00f3n, entre ellas balones sensoriales, anillos ergon\u00f3micos, tubos relajantes sensoriales, piscinas de pelotas, t\u00fanel de motricidad, entre otros.<\/p>\n<p>Sobre este importante material con el que contar\u00e1n los establecimientos educacionales, la Directora Ejecutiva(s) del SLEP Puerto Cordillera, Carolina Saavedra Gonz\u00e1lez, enfatiz\u00f3 en que \u201ceste convenio de colaboraci\u00f3n nos pone muy contentos. La educaci\u00f3n de adultos y parvularia se ven beneficiados con elementos importantes para seguir construyendo educaci\u00f3n de calidad en el territorio\u201d.<\/p>\n<p>Por su parte, Paulo Barraza Varos, Gerente de Gesti\u00f3n Comunitaria de Teck CDA, expres\u00f3 que \u201ceste convenio nos permite canalizar aportes a la educaci\u00f3n de forma efectiva, en esta oportunidad material educativo para la primera infancia y adultos que est\u00e1n retomando su educaci\u00f3n formal. Agradecemos a todos y todas querer ser parte de este proyecto educativo\u201d.<\/p>\n<p><strong>Beneficiarios<\/strong><\/p>\n<p>El material pedag\u00f3gico fue entregado en una simb\u00f3lica actividad, donde participaron estudiantes y equipos educativos. Al finalizar, el director del CEIA, Sergio Honores, valor\u00f3 la entrega de estos elementos educativos \u201cque favorecen a seguir fomentando la educaci\u00f3n y que tienen relaci\u00f3n con las necesidades de nuestro establecimiento. Esto sin duda fomenta el aprendizaje y motiva a cada uno a desarrollar sus habilidades\u201d. En tanto, Valeria Pizarro, Educadora Encargada del Jard\u00edn Infantil y Sala Cuna Soles de Oro, detall\u00f3 en que \u201clos elementos ser\u00e1n de gran ayuda para las pr\u00e1cticas educativas, innovar los espacios y contribuir en la mejorar pedag\u00f3gica desde la educaci\u00f3n inicial\u201d.<\/p>\n","protected":false},"excerpt":{"rendered":"<p>Gracias al trabajo colaborativo entre el Servicio Local Puerto Cordillera y Teck CDA, el Centro de Educaci\u00f3n Integral de Adultos (CEIA) y el Jard\u00edn Infantil y Sala Cuna Soles de Oro contar\u00e1n con nuevas herramientas pedag\u00f3gicas para fomentar la educaci\u00f3n de calidad, integral e inclusiva. Gracias a un convenio de colaboraci\u00f3n entre el Servicio Local [&hellip;]<\/p>\n","protected":false},"author":3,"featured_media":0,"comment_status":"open","ping_status":"open","sticky":false,"template":"","format":"standard","meta":{"_acf_changed":false,"footnotes":""},"categories":[1],"tags":[3087,4024,2091,4025,1451,212],"acf":[],"aioseo_notices":[],"_links":{"self":[{"href":"https:\/\/www.andacolloconectado.cl\/index.php\/wp-json\/wp\/v2\/posts\/14079"}],"collection":[{"href":"https:\/\/www.andacolloconectado.cl\/index.php\/wp-json\/wp\/v2\/posts"}],"about":[{"href":"https:\/\/www.andacolloconectado.cl\/index.php\/wp-json\/wp\/v2\/types\/post"}],"author":[{"embeddable":true,"href":"https:\/\/www.andacolloconectado.cl\/index.php\/wp-json\/wp\/v2\/users\/3"}],"replies":[{"embeddable":true,"href":"https:\/\/www.andacolloconectado.cl\/index.php\/wp-json\/wp\/v2\/comments?post=14079"}],"version-history":[{"count":1,"href":"https:\/\/www.andacolloconectado.cl\/index.php\/wp-json\/wp\/v2\/posts\/14079\/revisions"}],"predecessor-version":[{"id":14081,"href":"https:\/\/www.andacolloconectado.cl\/index.php\/wp-json\/wp\/v2\/posts\/14079\/revisions\/14081"}],"wp:attachment":[{"href":"https:\/\/www.andacolloconectado.cl\/index.php\/wp-json\/wp\/v2\/media?parent=14079"}],"wp:term":[{"taxonomy":"category","embeddable":true,"href":"https:\/\/www.andacolloconectado.cl\/index.php\/wp-json\/wp\/v2\/categories?post=14079"},{"taxonomy":"post_tag","embeddable":true,"href":"https:\/\/www.andacolloconectado.cl\/index.php\/wp-json\/wp\/v2\/tags?post=14079"}],"curies":[{"name":"wp","href":"https:\/\/api.w.org\/{rel}","templated":true}]}}